{"id":10211,"date":"2023-02-21T08:49:53","date_gmt":"2023-02-21T07:49:53","guid":{"rendered":"https:\/\/zsp.wegrow.pl\/?p=10211"},"modified":"2024-08-31T14:41:26","modified_gmt":"2024-08-31T12:41:26","slug":"rekonstrukcja-bitwy-pod-wegrowem","status":"publish","type":"post","link":"https:\/\/zsp.wegrow.pl\/index.php\/2023\/02\/21\/rekonstrukcja-bitwy-pod-wegrowem\/","title":{"rendered":"Rekonstrukcja Bitwy pod W\u0119growem"},"content":{"rendered":"\n<p class=\"has-drop-cap has-text-align-justify\">Zgodnie z kalendarium obchod\u00f3w 160. Rocznicy Powstania Styczniowego, 4 lutego 2023 r. uczniowie naszej szko\u0142y wzi\u0119li udzia\u0142 w historycznej rekonstrukcji Bitwy pod W\u0119growem, zwi\u0105zanej z powstaniem styczniowym 1863 r. Ju\u017c po raz kolejny Zesp\u00f3\u0142 Szk\u00f3\u0142 Ponadpodstawowych im. J. Kochanowskiego uczestniczy\u0142 w organizacji tego szczeg\u00f3lnego wydarzenia. W rekonstrukcji bitwy udzia\u0142 wzi\u0119\u0142a grupa rekonstrukcyjna \u201eKosynierzy\u201d wraz z opiekunami p. Beat\u0105 Oprz\u0105dek oraz wicedyrektor p. Anet\u0105 Rosochack\u0105. Dzi\u0119kujemy za zaanga\u017cowanie uczniom i nauczycielom.<\/p>\n\n\n\nngg_shortcode_0_placeholder\n","protected":false},"excerpt":{"rendered":"<p>Zgodnie z kalendarium obchod\u00f3w 160. Rocznicy Powstania Styczniowego, 4 lutego 2023 r. uczniowie naszej szko\u0142y wzi\u0119li udzia\u0142 w historycznej rekonstrukcji Bitwy pod W\u0119growem, zwi\u0105zanej z powstaniem styczniowym 1863 r. Ju\u017c po raz kolejny Zesp\u00f3\u0142 Szk\u00f3\u0142<\/p>\n","protected":false},"author":1,"featured_media":10221,"comment_status":"closed","ping_status":"closed","sticky":false,"template":"","format":"standard","meta":{"ngg_post_thumbnail":0,"_themeisle_gutenberg_block_has_review":false,"jetpack_post_was_ever_published":false,"_jetpack_newsletter_access":"","_jetpack_dont_email_post_to_subs":false,"_jetpack_newsletter_tier_id":0,"_jetpack_memberships_contains_paywalled_content":false,"_jetpack_memberships_contains_paid_content":false,"footnotes":"","jetpack_publicize_message":"","jetpack_publicize_feature_enabled":true,"jetpack_social_post_already_shared":true,"jetpack_social_options":{"image_generator_settings":{"template":"highway","default_image_id":0,"font":"","enabled":false},"version":2}},"categories":[53],"tags":[],"class_list":["post-10211","post","type-post","status-publish","format-standard","has-post-thumbnail","hentry","category-rocznice"],"jetpack_publicize_connections":[],"jetpack_featured_media_url":"https:\/\/i0.wp.com\/zsp.wegrow.pl\/wp-content\/uploads\/2023\/02\/01_okl.jpg?fit=850%2C478&ssl=1","jetpack_sharing_enabled":true,"jetpack_shortlink":"https:\/\/wp.me\/paT2nI-2EH","_links":{"self":[{"href":"https:\/\/zsp.wegrow.pl\/index.php\/wp-json\/wp\/v2\/posts\/10211","targetHints":{"allow":["GET"]}}],"collection":[{"href":"https:\/\/zsp.wegrow.pl\/index.php\/wp-json\/wp\/v2\/posts"}],"about":[{"href":"https:\/\/zsp.wegrow.pl\/index.php\/wp-json\/wp\/v2\/types\/post"}],"author":[{"embeddable":true,"href":"https:\/\/zsp.wegrow.pl\/index.php\/wp-json\/wp\/v2\/users\/1"}],"replies":[{"embeddable":true,"href":"https:\/\/zsp.wegrow.pl\/index.php\/wp-json\/wp\/v2\/comments?post=10211"}],"version-history":[{"count":1,"href":"https:\/\/zsp.wegrow.pl\/index.php\/wp-json\/wp\/v2\/posts\/10211\/revisions"}],"predecessor-version":[{"id":10222,"href":"https:\/\/zsp.wegrow.pl\/index.php\/wp-json\/wp\/v2\/posts\/10211\/revisions\/10222"}],"wp:featuredmedia":[{"embeddable":true,"href":"https:\/\/zsp.wegrow.pl\/index.php\/wp-json\/wp\/v2\/media\/10221"}],"wp:attachment":[{"href":"https:\/\/zsp.wegrow.pl\/index.php\/wp-json\/wp\/v2\/media?parent=10211"}],"wp:term":[{"taxonomy":"category","embeddable":true,"href":"https:\/\/zsp.wegrow.pl\/index.php\/wp-json\/wp\/v2\/categories?post=10211"},{"taxonomy":"post_tag","embeddable":true,"href":"https:\/\/zsp.wegrow.pl\/index.php\/wp-json\/wp\/v2\/tags?post=10211"}],"curies":[{"name":"wp","href":"https:\/\/api.w.org\/{rel}","templated":true}]}}