{"id":10256,"date":"2023-03-05T11:05:38","date_gmt":"2023-03-05T10:05:38","guid":{"rendered":"https:\/\/zsp.wegrow.pl\/?p=10256"},"modified":"2024-08-31T14:41:12","modified_gmt":"2024-08-31T12:41:12","slug":"edukacja-wlaczajaca-szansa-dla-optymalnego-rozwoju-uczniow","status":"publish","type":"post","link":"https:\/\/zsp.wegrow.pl\/index.php\/2023\/03\/05\/edukacja-wlaczajaca-szansa-dla-optymalnego-rozwoju-uczniow\/","title":{"rendered":"Edukacja w\u0142\u0105czaj\u0105ca szans\u0105 dla optymalnego rozwoju uczni\u00f3w"},"content":{"rendered":"\n<p class=\"has-drop-cap has-text-align-justify\">Dzieci z r\u00f3\u017cnego typu zaburzeniami czy niepe\u0142nosprawno\u015bciami potrzebuj\u0105 wsparcia w procesie kszta\u0142cenia lub specjalnej organizacji nauki. Odpowied\u017a na te potrzeby stanowi model edukacji w\u0142\u0105czaj\u0105cej, kt\u00f3ry zak\u0142ada organizacj\u0119 systemu o\u015bwiaty w taki spos\u00f3b, aby umo\u017cliwi\u0107 stworzenie przestrzeni zapewniaj\u0105cej ka\u017cdemu dziecku uczestnictwo w procesie uczenia si\u0119, czyli nabywania wiedzy, umiej\u0119tno\u015bci, rozwijania kompetencji kluczowych i emocjonalno-spo\u0142ecznych. Sprzyja temu zwi\u0119kszenie dost\u0119pno\u015bci szko\u0142y, otwarcie jej na potrzeby wszystkich dzieci. Wa\u017cne jest podj\u0119cie dzia\u0142a\u0144 maj\u0105cych na celu umo\u017cliwienie uczniom z dysfunkcjami, niepe\u0142nosprawno\u015bciami optymalnego funkcjonowania w macierzystej plac\u00f3wce og\u00f3lnodost\u0119pnej w warunkach dostosowanych do ich potrzeb i mo\u017cliwo\u015bci. Wdra\u017canie modelu edukacji w\u0142\u0105czaj\u0105cej wymaga wsp\u00f3\u0142dzia\u0142ania wszystkich pracownik\u00f3w przedszkola czy szko\u0142y. W\u00f3wczas mo\u017cna uzyska\u0107 najlepsze efekty wprowadzanych oddzia\u0142ywa\u0144, co wp\u0142ywa na zwi\u0119kszenie szans edukacyjnych wszystkich dzieci oraz zapewnia im warunki do rozwoju indywidualnego potencja\u0142u. Takie podej\u015bcie daje wi\u0119ksze mo\u017cliwo\u015bci pe\u0142nego w\u0142\u0105czenia uczni\u00f3w w \u017cycie spo\u0142eczne. Niezwykle istotn\u0105 spraw\u0105 w procesie wdra\u017cania modelu edukacji w\u0142\u0105czaj\u0105cej jest przygotowanie szk\u00f3\u0142 og\u00f3lnodost\u0119pnych w taki spos\u00f3b, aby by\u0142y w stanie ka\u017cdemu uczniowi zapewni\u0107 optymalne \u015brodowisko do nauki i rozwoju. Realizacja projektu pt. \u201ePilota\u017cowe wdro\u017cenie modelu Specjalistycznych Centr\u00f3w Wspieraj\u0105cych Edukacj\u0119 W\u0142\u0105czaj\u0105c\u0105 (SCWEW)\u201d wpisuje si\u0119 w cele zwi\u0105zane z wdra\u017caniem modelu edukacji w\u0142\u0105czaj\u0105cej.<\/p>\n","protected":false},"excerpt":{"rendered":"<p>Dzieci z r\u00f3\u017cnego typu zaburzeniami czy niepe\u0142nosprawno\u015bciami potrzebuj\u0105 wsparcia w procesie kszta\u0142cenia lub specjalnej organizacji nauki. Odpowied\u017a na te potrzeby stanowi model edukacji w\u0142\u0105czaj\u0105cej, kt\u00f3ry zak\u0142ada organizacj\u0119 systemu o\u015bwiaty w taki spos\u00f3b, aby umo\u017cliwi\u0107 stworzenie<\/p>\n","protected":false},"author":1,"featured_media":7070,"comment_status":"closed","ping_status":"closed","sticky":false,"template":"","format":"standard","meta":{"ngg_post_thumbnail":0,"_themeisle_gutenberg_block_has_review":false,"jetpack_post_was_ever_published":false,"_jetpack_newsletter_access":"","_jetpack_dont_email_post_to_subs":false,"_jetpack_newsletter_tier_id":0,"_jetpack_memberships_contains_paywalled_content":false,"_jetpack_memberships_contains_paid_content":false,"footnotes":"","jetpack_publicize_message":"","jetpack_publicize_feature_enabled":true,"jetpack_social_post_already_shared":true,"jetpack_social_options":{"image_generator_settings":{"template":"highway","default_image_id":0,"font":"","enabled":false},"version":2}},"categories":[37,62],"tags":[],"class_list":["post-10256","post","type-post","status-publish","format-standard","has-post-thumbnail","hentry","category-projekty","category-scwew"],"jetpack_publicize_connections":[],"jetpack_featured_media_url":"https:\/\/i0.wp.com\/zsp.wegrow.pl\/wp-content\/uploads\/2021\/12\/projekt_o.jpg?fit=850%2C150&ssl=1","jetpack_sharing_enabled":true,"jetpack_shortlink":"https:\/\/wp.me\/paT2nI-2Fq","_links":{"self":[{"href":"https:\/\/zsp.wegrow.pl\/index.php\/wp-json\/wp\/v2\/posts\/10256","targetHints":{"allow":["GET"]}}],"collection":[{"href":"https:\/\/zsp.wegrow.pl\/index.php\/wp-json\/wp\/v2\/posts"}],"about":[{"href":"https:\/\/zsp.wegrow.pl\/index.php\/wp-json\/wp\/v2\/types\/post"}],"author":[{"embeddable":true,"href":"https:\/\/zsp.wegrow.pl\/index.php\/wp-json\/wp\/v2\/users\/1"}],"replies":[{"embeddable":true,"href":"https:\/\/zsp.wegrow.pl\/index.php\/wp-json\/wp\/v2\/comments?post=10256"}],"version-history":[{"count":1,"href":"https:\/\/zsp.wegrow.pl\/index.php\/wp-json\/wp\/v2\/posts\/10256\/revisions"}],"predecessor-version":[{"id":10257,"href":"https:\/\/zsp.wegrow.pl\/index.php\/wp-json\/wp\/v2\/posts\/10256\/revisions\/10257"}],"wp:featuredmedia":[{"embeddable":true,"href":"https:\/\/zsp.wegrow.pl\/index.php\/wp-json\/wp\/v2\/media\/7070"}],"wp:attachment":[{"href":"https:\/\/zsp.wegrow.pl\/index.php\/wp-json\/wp\/v2\/media?parent=10256"}],"wp:term":[{"taxonomy":"category","embeddable":true,"href":"https:\/\/zsp.wegrow.pl\/index.php\/wp-json\/wp\/v2\/categories?post=10256"},{"taxonomy":"post_tag","embeddable":true,"href":"https:\/\/zsp.wegrow.pl\/index.php\/wp-json\/wp\/v2\/tags?post=10256"}],"curies":[{"name":"wp","href":"https:\/\/api.w.org\/{rel}","templated":true}]}}