{"id":10258,"date":"2023-03-07T09:20:25","date_gmt":"2023-03-07T08:20:25","guid":{"rendered":"https:\/\/zsp.wegrow.pl\/?p=10258"},"modified":"2024-08-31T14:41:04","modified_gmt":"2024-08-31T12:41:04","slug":"koncert-upamietniajacy-160-rocznice-powstania-styczniowego-oraz-narodowy-dzien-pamieci-zolnierzy-wykletych","status":"publish","type":"post","link":"https:\/\/zsp.wegrow.pl\/index.php\/2023\/03\/07\/koncert-upamietniajacy-160-rocznice-powstania-styczniowego-oraz-narodowy-dzien-pamieci-zolnierzy-wykletych\/","title":{"rendered":"Koncert upami\u0119tniaj\u0105cy 160. Rocznic\u0119 Powstania Styczniowego oraz Narodowy Dzie\u0144 Pami\u0119ci \u201e\u017bo\u0142nierzy Wykl\u0119tych\u201d"},"content":{"rendered":"\n<p class=\"has-text-align-justify\">3 marca 2023 r. w W\u0119growskim O\u015brodku Kultury odby\u0142 si\u0119 koncert upami\u0119tniaj\u0105cy 160. Rocznic\u0119 Powstania Styczniowego oraz Narodowy Dzie\u0144 Pami\u0119ci \u201e\u017bo\u0142nierzy Wykl\u0119tych\u201d. Wydarzenie rozpocz\u0105\u0142 Dyrektor Pan Jacek Nowotniak, kt\u00f3ry przywita\u0142 go\u015bci: Pani\u0105 Mari\u0119 Koc \u2013 Senator Rzeczypospolitej Polskiej, Pana Macieja G\u00f3rskiego &#8211; pos\u0142a na Sejm Rzeczypospolitej Polskiej, Pana Marka Renika \u2013 Wicestarost\u0119 W\u0119growskiego, Pana Bogus\u0142awa Szyma\u0144skiego &#8211; W\u00f3jta gminy Liw, nauczycieli oraz uczni\u00f3w naszej szko\u0142y.<br>Koncert poprzedzi\u0142a prelekcja Pana Andrzeja Brzezika \u2013 nauczyciela historii dotycz\u0105ca wydarze\u0144 historycznych zwi\u0105zanych z Powstaniem Styczniowym i walk\u0105 o niepodleg\u0142o\u015b\u0107 w powojennej Polsce.<br>Te wa\u017cne wydarzenia historyczne Zesp\u00f3\u0142 Szk\u00f3\u0142 Ponadpodstawowych im. Jana Kochanowskiego w W\u0119growie uczci\u0142 koncertem poetyckim Pana Andrzeja Ko\u0142akowskiego &#8211; kt\u00f3ry w swej tw\u00f3rczo\u015bci poetyckiej opiewa m\u0119stwo ale i zarazem tragiczne losy polskich bohater\u00f3w narodowych walcz\u0105cych o niepodleg\u0142o\u015b\u0107 Rzeczypospolitej.<br>Andrzej Ko\u0142akowski podczas koncertu gra\u0142 w\u0142asne utwory a w czasie przerw opowiada\u0142 historie o \u017cyciu i walce wielu \u017co\u0142nierzy partyzanckich, zas\u0142u\u017conych w naszym regionie, odkrywaj\u0105c w ten spos\u00f3b histori\u0119 dla m\u0142odego pokolenia.<\/p>\n\n\n\nngg_shortcode_0_placeholder\n","protected":false},"excerpt":{"rendered":"<p>3 marca 2023 r. w W\u0119growskim O\u015brodku Kultury odby\u0142 si\u0119 koncert upami\u0119tniaj\u0105cy 160. Rocznic\u0119 Powstania Styczniowego oraz Narodowy Dzie\u0144 Pami\u0119ci \u201e\u017bo\u0142nierzy Wykl\u0119tych\u201d. Wydarzenie rozpocz\u0105\u0142 Dyrektor Pan Jacek Nowotniak, kt\u00f3ry przywita\u0142 go\u015bci: Pani\u0105 Mari\u0119 Koc \u2013<\/p>\n","protected":false},"author":1,"featured_media":10284,"comment_status":"closed","ping_status":"closed","sticky":false,"template":"","format":"standard","meta":{"ngg_post_thumbnail":0,"_themeisle_gutenberg_block_has_review":false,"jetpack_post_was_ever_published":false,"_jetpack_newsletter_access":"","_jetpack_dont_email_post_to_subs":false,"_jetpack_newsletter_tier_id":0,"_jetpack_memberships_contains_paywalled_content":false,"_jetpack_memberships_contains_paid_content":false,"footnotes":"","jetpack_publicize_message":"","jetpack_publicize_feature_enabled":true,"jetpack_social_post_already_shared":true,"jetpack_social_options":{"image_generator_settings":{"template":"highway","default_image_id":0,"font":"","enabled":false},"version":2}},"categories":[53,65],"tags":[],"class_list":["post-10258","post","type-post","status-publish","format-standard","has-post-thumbnail","hentry","category-rocznice","category-wydarzenia-artystyczne"],"jetpack_publicize_connections":[],"jetpack_featured_media_url":"https:\/\/i0.wp.com\/zsp.wegrow.pl\/wp-content\/uploads\/2023\/03\/11_okl.jpg?fit=850%2C452&ssl=1","jetpack_sharing_enabled":true,"jetpack_shortlink":"https:\/\/wp.me\/paT2nI-2Fs","_links":{"self":[{"href":"https:\/\/zsp.wegrow.pl\/index.php\/wp-json\/wp\/v2\/posts\/10258","targetHints":{"allow":["GET"]}}],"collection":[{"href":"https:\/\/zsp.wegrow.pl\/index.php\/wp-json\/wp\/v2\/posts"}],"about":[{"href":"https:\/\/zsp.wegrow.pl\/index.php\/wp-json\/wp\/v2\/types\/post"}],"author":[{"embeddable":true,"href":"https:\/\/zsp.wegrow.pl\/index.php\/wp-json\/wp\/v2\/users\/1"}],"replies":[{"embeddable":true,"href":"https:\/\/zsp.wegrow.pl\/index.php\/wp-json\/wp\/v2\/comments?post=10258"}],"version-history":[{"count":1,"href":"https:\/\/zsp.wegrow.pl\/index.php\/wp-json\/wp\/v2\/posts\/10258\/revisions"}],"predecessor-version":[{"id":10285,"href":"https:\/\/zsp.wegrow.pl\/index.php\/wp-json\/wp\/v2\/posts\/10258\/revisions\/10285"}],"wp:featuredmedia":[{"embeddable":true,"href":"https:\/\/zsp.wegrow.pl\/index.php\/wp-json\/wp\/v2\/media\/10284"}],"wp:attachment":[{"href":"https:\/\/zsp.wegrow.pl\/index.php\/wp-json\/wp\/v2\/media?parent=10258"}],"wp:term":[{"taxonomy":"category","embeddable":true,"href":"https:\/\/zsp.wegrow.pl\/index.php\/wp-json\/wp\/v2\/categories?post=10258"},{"taxonomy":"post_tag","embeddable":true,"href":"https:\/\/zsp.wegrow.pl\/index.php\/wp-json\/wp\/v2\/tags?post=10258"}],"curies":[{"name":"wp","href":"https:\/\/api.w.org\/{rel}","templated":true}]}}