{"id":10292,"date":"2023-03-08T09:50:07","date_gmt":"2023-03-08T08:50:07","guid":{"rendered":"https:\/\/zsp.wegrow.pl\/?p=10292"},"modified":"2024-08-31T14:40:58","modified_gmt":"2024-08-31T12:40:58","slug":"najlepsi-z-najlepszych","status":"publish","type":"post","link":"https:\/\/zsp.wegrow.pl\/index.php\/2023\/03\/08\/najlepsi-z-najlepszych\/","title":{"rendered":"Najlepsi z najlepszych"},"content":{"rendered":"\n<p class=\"has-drop-cap has-text-align-justify\">Dnia 7 marca 2023 r. w Zespole Szk\u00f3\u0142 Ponadpodstawowych im. Jana Kochanowskiego w W\u0119growie odby\u0142o si\u0119 wr\u0119czenie stypendium Starosty W\u0119growskiego dla m\u0142odzie\u017cy wyr\u00f3\u017cniaj\u0105cej si\u0119 w nauce. Wydarzenie u\u015bwietnili swoj\u0105 obecno\u015bci\u0105 starosta \u2013 Pani Ewa Besztak, wicestarosta \u2013 Pan Marek Renik oraz Naczelnik Wydzia\u0142u O\u015bwiaty Kultury Sportu i Turystyki \u2013 Pan Tadeusz Krupa. W roku szkolnym 2022\/2023 stypendium otrzyma\u0142o \u0142\u0105cznie 8 uczni\u00f3w ucz\u0119szczaj\u0105cych do II Liceum Og\u00f3lnokszta\u0142c\u0105cego, Technikum, Bran\u017cowej Szko\u0142y I Stopnia.<br>Pani Ewa Besztak pogratulowa\u0142a stypendystom osi\u0105gni\u0119tych wynik\u00f3w oraz z\u0142o\u017cy\u0142a na ich r\u0119ce \u017cyczenia, by dotychczasowe osi\u0105gni\u0119cia szkolne sta\u0142y si\u0119 \u017ar\u00f3d\u0142em kolejnych i inspirowa\u0142y do realizacji nowych pomys\u0142\u00f3w oraz ambitnych plan\u00f3w. Pan Marek Renik \u017cyczy\u0142 stypendystom zadowolenia i satysfakcji z dalszej edukacji oraz powodzenia w realizacji plan\u00f3w pozaszkolnych.<br>Stypendium otrzymali: Katarzyna Sk\u00f3rka, Julia Lipka, Ewelina W\u0105sowska, Jan Pogorzelski, Julia Karczewska, Rafa\u0142 Sk\u00f3rka, Julia Wawrynow, Maria Zembrowska.<br>Spo\u0142eczno\u015b\u0107 szkolna, grono pedagogiczne oraz dyrekcja Zespo\u0142u Szk\u00f3\u0142 Ponadpodstawowych im. Jana Kochanowskiego w W\u0119growie jeszcze raz gratuluj\u0105 wszystkim stypendystom, zach\u0119caj\u0105c tym samym pozosta\u0142ych uczni\u00f3w do wytrwa\u0142ego d\u0105\u017cenia do swoich cel\u00f3w.<br>Fot. Kasia Czarnecka<\/p>\n\n\n\nngg_shortcode_0_placeholder\n","protected":false},"excerpt":{"rendered":"<p>Dnia 7 marca 2023 r. w Zespole Szk\u00f3\u0142 Ponadpodstawowych im. Jana Kochanowskiego w W\u0119growie odby\u0142o si\u0119 wr\u0119czenie stypendium Starosty W\u0119growskiego dla m\u0142odzie\u017cy wyr\u00f3\u017cniaj\u0105cej si\u0119 w nauce. Wydarzenie u\u015bwietnili swoj\u0105 obecno\u015bci\u0105 starosta \u2013 Pani Ewa Besztak,<\/p>\n","protected":false},"author":1,"featured_media":10310,"comment_status":"closed","ping_status":"closed","sticky":false,"template":"","format":"standard","meta":{"ngg_post_thumbnail":0,"_themeisle_gutenberg_block_has_review":false,"jetpack_post_was_ever_published":false,"_jetpack_newsletter_access":"","_jetpack_dont_email_post_to_subs":false,"_jetpack_newsletter_tier_id":0,"_jetpack_memberships_contains_paywalled_content":false,"_jetpack_memberships_contains_paid_content":false,"footnotes":"","jetpack_publicize_message":"","jetpack_publicize_feature_enabled":true,"jetpack_social_post_already_shared":true,"jetpack_social_options":{"image_generator_settings":{"template":"highway","default_image_id":0,"font":"","enabled":false},"version":2}},"categories":[58],"tags":[],"class_list":["post-10292","post","type-post","status-publish","format-standard","has-post-thumbnail","hentry","category-stypendia"],"jetpack_publicize_connections":[],"jetpack_featured_media_url":"https:\/\/i0.wp.com\/zsp.wegrow.pl\/wp-content\/uploads\/2023\/03\/08_okl.jpg?fit=850%2C442&ssl=1","jetpack_sharing_enabled":true,"jetpack_shortlink":"https:\/\/wp.me\/paT2nI-2G0","_links":{"self":[{"href":"https:\/\/zsp.wegrow.pl\/index.php\/wp-json\/wp\/v2\/posts\/10292","targetHints":{"allow":["GET"]}}],"collection":[{"href":"https:\/\/zsp.wegrow.pl\/index.php\/wp-json\/wp\/v2\/posts"}],"about":[{"href":"https:\/\/zsp.wegrow.pl\/index.php\/wp-json\/wp\/v2\/types\/post"}],"author":[{"embeddable":true,"href":"https:\/\/zsp.wegrow.pl\/index.php\/wp-json\/wp\/v2\/users\/1"}],"replies":[{"embeddable":true,"href":"https:\/\/zsp.wegrow.pl\/index.php\/wp-json\/wp\/v2\/comments?post=10292"}],"version-history":[{"count":1,"href":"https:\/\/zsp.wegrow.pl\/index.php\/wp-json\/wp\/v2\/posts\/10292\/revisions"}],"predecessor-version":[{"id":10311,"href":"https:\/\/zsp.wegrow.pl\/index.php\/wp-json\/wp\/v2\/posts\/10292\/revisions\/10311"}],"wp:featuredmedia":[{"embeddable":true,"href":"https:\/\/zsp.wegrow.pl\/index.php\/wp-json\/wp\/v2\/media\/10310"}],"wp:attachment":[{"href":"https:\/\/zsp.wegrow.pl\/index.php\/wp-json\/wp\/v2\/media?parent=10292"}],"wp:term":[{"taxonomy":"category","embeddable":true,"href":"https:\/\/zsp.wegrow.pl\/index.php\/wp-json\/wp\/v2\/categories?post=10292"},{"taxonomy":"post_tag","embeddable":true,"href":"https:\/\/zsp.wegrow.pl\/index.php\/wp-json\/wp\/v2\/tags?post=10292"}],"curies":[{"name":"wp","href":"https:\/\/api.w.org\/{rel}","templated":true}]}}