{"id":10324,"date":"2023-03-10T08:30:48","date_gmt":"2023-03-10T07:30:48","guid":{"rendered":"https:\/\/zsp.wegrow.pl\/?p=10324"},"modified":"2024-08-31T14:40:45","modified_gmt":"2024-08-31T12:40:45","slug":"narodowy-dzien-pamieci-zolnierzy-wykletych-2","status":"publish","type":"post","link":"https:\/\/zsp.wegrow.pl\/index.php\/2023\/03\/10\/narodowy-dzien-pamieci-zolnierzy-wykletych-2\/","title":{"rendered":"Narodowy Dzie\u0144 Pami\u0119ci \u017bo\u0142nierzy Wykl\u0119tych"},"content":{"rendered":"\n<p class=\"has-drop-cap has-text-align-justify\">Dnia 1 marca 2023 r. klasy mundurowe z II LO w Zespole Szk\u00f3\u0142 Ponadpodstawowych im. Jana Kochanowskiego w W\u0119growie uczestniczy\u0142y w obchodach Narodowego Dnia Pami\u0119ci \u017bo\u0142nierzy Wykl\u0119tych. Organizatorem wydarzenia by\u0142o Starostwo Powiatowe w W\u0119growie i Jednostka Strzelecka &#8222;Niez\u0142omni W\u0119gr\u00f3w&#8221; wraz z Zespo\u0142em Szk\u00f3\u0142 Ponadpodstawowych im. Jana Kochanowskiego w W\u0119growie.<br>Uroczysto\u015b\u0107 rozpocz\u0119\u0142a msza \u015bwi\u0119ta odprawiona w Bazylice Mniejszej z udzia\u0142em parlamentarzyst\u00f3w, przedstawicieli lokalnych w\u0142adz samorz\u0105dowych, kombatant\u00f3w, s\u0142u\u017cb mundurowych, m\u0142odzie\u017cy z ZSP w W\u0119growie oraz mieszka\u0144c\u00f3w miasta.<br>Po zako\u0144czeniu ceremonii w ko\u015bciele, w asy\u015bcie poczt\u00f3w sztandarowych, uczestnicy przemaszerowali pod tablic\u0119 upami\u0119tniaj\u0105c\u0105 ofiary terroru stalinowskiego. Po od\u015bpiewaniu Mazurka D\u0105browskiego i okoliczno\u015bciowych wyst\u0105pieniach go\u015bci przyby\u0142ych na t\u0119 uroczysto\u015b\u0107, prowadz\u0105cy Tomasz Star\u0119ga przybli\u017cy\u0142 zebranym posta\u0107 kpt. Stanis\u0142awa Sojczy\u0144skiego &#8222;Warszyca&#8221; &#8211; jednego z \u017bo\u0142nierzy Niez\u0142omnych, na kt\u00f3rym 19 lutego 1947 r wykonano wyrok \u015bmierci. Po apelu pami\u0119ci i ho\u0142dzie z\u0142o\u017conym zamordowanym, przy d\u017awi\u0119kach werbli, delegacje z\u0142o\u017cy\u0142y kwiaty pod tablic\u0105 pami\u0105tkow\u0105.<br>Narodowy Dzie\u0144 Pami\u0119ci \u017bo\u0142nierzy Wykl\u0119tych to \u015bwi\u0119to pa\u0144stwowe obchodzone w Polsce od 2011 r. Jest ho\u0142dem dla \u017co\u0142nierzy niepodleg\u0142o\u015bciowego podziemia, kt\u00f3rzy przeciwstawili si\u0119 sowieckiej agresji i re\u017cimowi komunistycznemu po II wojnie \u015bwiatowej, ho\u0142dem za przelan\u0105 krew w obronie Ojczyzny, za \u017cycie oddane za woln\u0105 Polsk\u0119.<br>Cze\u015b\u0107 ich pami\u0119ci.<br>Opiek\u0119 nad uczniami, w czasie uroczysto\u015bci, sprawowa\u0142y p. Edyta Kozie\u0142, p. Magdalena Ceglarska &#8211; Kowal, wicedyrektor p. Aneta Rosochacka oraz dyrektor Jacek Nowotniak, nad pocztami sztandarowymi p. Katarzyna Grenda.<br>Fot. Starostwo Powiatowe w W\u0119growie<\/p>\n\n\n\nngg_shortcode_0_placeholder\n","protected":false},"excerpt":{"rendered":"<p>Dnia 1 marca 2023 r. klasy mundurowe z II LO w Zespole Szk\u00f3\u0142 Ponadpodstawowych im. Jana Kochanowskiego w W\u0119growie uczestniczy\u0142y w obchodach Narodowego Dnia Pami\u0119ci \u017bo\u0142nierzy Wykl\u0119tych. Organizatorem wydarzenia by\u0142o Starostwo Powiatowe w W\u0119growie i<\/p>\n","protected":false},"author":1,"featured_media":10342,"comment_status":"closed","ping_status":"closed","sticky":false,"template":"","format":"standard","meta":{"ngg_post_thumbnail":0,"_themeisle_gutenberg_block_has_review":false,"jetpack_post_was_ever_published":false,"_jetpack_newsletter_access":"","_jetpack_dont_email_post_to_subs":false,"_jetpack_newsletter_tier_id":0,"_jetpack_memberships_contains_paywalled_content":false,"_jetpack_memberships_contains_paid_content":false,"footnotes":"","jetpack_publicize_message":"","jetpack_publicize_feature_enabled":true,"jetpack_social_post_already_shared":true,"jetpack_social_options":{"image_generator_settings":{"template":"highway","default_image_id":0,"font":"","enabled":false},"version":2}},"categories":[23,53,38],"tags":[],"class_list":["post-10324","post","type-post","status-publish","format-standard","has-post-thumbnail","hentry","category-klasy-mundurowe","category-rocznice","category-uroczystosci"],"jetpack_publicize_connections":[],"jetpack_featured_media_url":"https:\/\/i0.wp.com\/zsp.wegrow.pl\/wp-content\/uploads\/2023\/03\/01_okl.jpg?fit=850%2C567&ssl=1","jetpack_sharing_enabled":true,"jetpack_shortlink":"https:\/\/wp.me\/paT2nI-2Gw","_links":{"self":[{"href":"https:\/\/zsp.wegrow.pl\/index.php\/wp-json\/wp\/v2\/posts\/10324","targetHints":{"allow":["GET"]}}],"collection":[{"href":"https:\/\/zsp.wegrow.pl\/index.php\/wp-json\/wp\/v2\/posts"}],"about":[{"href":"https:\/\/zsp.wegrow.pl\/index.php\/wp-json\/wp\/v2\/types\/post"}],"author":[{"embeddable":true,"href":"https:\/\/zsp.wegrow.pl\/index.php\/wp-json\/wp\/v2\/users\/1"}],"replies":[{"embeddable":true,"href":"https:\/\/zsp.wegrow.pl\/index.php\/wp-json\/wp\/v2\/comments?post=10324"}],"version-history":[{"count":1,"href":"https:\/\/zsp.wegrow.pl\/index.php\/wp-json\/wp\/v2\/posts\/10324\/revisions"}],"predecessor-version":[{"id":10343,"href":"https:\/\/zsp.wegrow.pl\/index.php\/wp-json\/wp\/v2\/posts\/10324\/revisions\/10343"}],"wp:featuredmedia":[{"embeddable":true,"href":"https:\/\/zsp.wegrow.pl\/index.php\/wp-json\/wp\/v2\/media\/10342"}],"wp:attachment":[{"href":"https:\/\/zsp.wegrow.pl\/index.php\/wp-json\/wp\/v2\/media?parent=10324"}],"wp:term":[{"taxonomy":"category","embeddable":true,"href":"https:\/\/zsp.wegrow.pl\/index.php\/wp-json\/wp\/v2\/categories?post=10324"},{"taxonomy":"post_tag","embeddable":true,"href":"https:\/\/zsp.wegrow.pl\/index.php\/wp-json\/wp\/v2\/tags?post=10324"}],"curies":[{"name":"wp","href":"https:\/\/api.w.org\/{rel}","templated":true}]}}