{"id":10344,"date":"2023-03-10T08:39:37","date_gmt":"2023-03-10T07:39:37","guid":{"rendered":"https:\/\/zsp.wegrow.pl\/?p=10344"},"modified":"2024-08-31T14:40:38","modified_gmt":"2024-08-31T12:40:38","slug":"wegrow-1863-polskie-termopile","status":"publish","type":"post","link":"https:\/\/zsp.wegrow.pl\/index.php\/2023\/03\/10\/wegrow-1863-polskie-termopile\/","title":{"rendered":"W\u0119gr\u00f3w 1863 \u2013 Polskie Termopile"},"content":{"rendered":"\n<h3 class=\"has-text-align-center wp-block-heading\">Wystawa z okazji 160 rocznicy Powstania Styczniowego.<\/h3>\n\n\n\n<p class=\"has-drop-cap has-text-align-justify\"><br>Dnia 09.03.2023 uczniowie klasy mundurowej mieli okazj\u0119 uczestniczy\u0107 w uroczystym otwarciu wystawy po\u015bwi\u0119conej bitwie i walkom powsta\u0144czym na terenie powiatu w\u0119growskiego oraz powiat\u00f3w o\u015bciennych. Wernisa\u017c wystawy odby\u0142 si\u0119 w Centrum Dialogu Kultur w Wegrowie. Ekspozycj\u0119 stworzy\u0142 p. Roman Postek, historyk sztuki, kustosz Muzeum Wielokulturowego Wegrowa, od lat badaj\u0105cy i opisuj\u0105cy przebieg powstania na pograniczu historycznej Ziemi Liwskiej oraz ziemi Drohickiej. Warto r\u00f3wnie\u017c doda\u0107, \u017ce pi\u0119knym akcentem podczas trwania tego wydarzenia by\u0142 wyst\u0119p uczennicy z klasy IV TEK \u2013 Emilii Paczuskiej, kt\u00f3ra za\u015bpiewa\u0142a dwa utwory patriotyczne. Bardzo dzi\u0119kujemy p. Ewie Besztak &#8211; Staro\u015bcie W\u0119growskiemu oraz Centrum Dialogu Kultur za zaproszenie na t\u0105 ciekaw\u0105 historycznie ekspozycj\u0119.<br>Opiek\u0119 nad uczniami sprawowa\u0142a pani Edyta Kozie\u0142.<\/p>\n\n\n\nngg_shortcode_0_placeholder\n","protected":false},"excerpt":{"rendered":"<p>Wystawa z okazji 160 rocznicy Powstania Styczniowego. Dnia 09.03.2023 uczniowie klasy mundurowej mieli okazj\u0119 uczestniczy\u0107 w uroczystym otwarciu wystawy po\u015bwi\u0119conej bitwie i walkom powsta\u0144czym na terenie powiatu w\u0119growskiego oraz powiat\u00f3w o\u015bciennych. Wernisa\u017c wystawy odby\u0142 si\u0119<\/p>\n","protected":false},"author":1,"featured_media":10362,"comment_status":"closed","ping_status":"closed","sticky":false,"template":"","format":"standard","meta":{"ngg_post_thumbnail":0,"_themeisle_gutenberg_block_has_review":false,"jetpack_post_was_ever_published":false,"_jetpack_newsletter_access":"","_jetpack_dont_email_post_to_subs":false,"_jetpack_newsletter_tier_id":0,"_jetpack_memberships_contains_paywalled_content":false,"_jetpack_memberships_contains_paid_content":false,"footnotes":"","jetpack_publicize_message":"","jetpack_publicize_feature_enabled":true,"jetpack_social_post_already_shared":true,"jetpack_social_options":{"image_generator_settings":{"template":"highway","default_image_id":0,"font":"","enabled":false},"version":2}},"categories":[23,53,65],"tags":[],"class_list":["post-10344","post","type-post","status-publish","format-standard","has-post-thumbnail","hentry","category-klasy-mundurowe","category-rocznice","category-wydarzenia-artystyczne"],"jetpack_publicize_connections":[],"jetpack_featured_media_url":"https:\/\/i0.wp.com\/zsp.wegrow.pl\/wp-content\/uploads\/2023\/03\/08_okl-1.jpg?fit=850%2C478&ssl=1","jetpack_sharing_enabled":true,"jetpack_shortlink":"https:\/\/wp.me\/paT2nI-2GQ","_links":{"self":[{"href":"https:\/\/zsp.wegrow.pl\/index.php\/wp-json\/wp\/v2\/posts\/10344","targetHints":{"allow":["GET"]}}],"collection":[{"href":"https:\/\/zsp.wegrow.pl\/index.php\/wp-json\/wp\/v2\/posts"}],"about":[{"href":"https:\/\/zsp.wegrow.pl\/index.php\/wp-json\/wp\/v2\/types\/post"}],"author":[{"embeddable":true,"href":"https:\/\/zsp.wegrow.pl\/index.php\/wp-json\/wp\/v2\/users\/1"}],"replies":[{"embeddable":true,"href":"https:\/\/zsp.wegrow.pl\/index.php\/wp-json\/wp\/v2\/comments?post=10344"}],"version-history":[{"count":1,"href":"https:\/\/zsp.wegrow.pl\/index.php\/wp-json\/wp\/v2\/posts\/10344\/revisions"}],"predecessor-version":[{"id":10363,"href":"https:\/\/zsp.wegrow.pl\/index.php\/wp-json\/wp\/v2\/posts\/10344\/revisions\/10363"}],"wp:featuredmedia":[{"embeddable":true,"href":"https:\/\/zsp.wegrow.pl\/index.php\/wp-json\/wp\/v2\/media\/10362"}],"wp:attachment":[{"href":"https:\/\/zsp.wegrow.pl\/index.php\/wp-json\/wp\/v2\/media?parent=10344"}],"wp:term":[{"taxonomy":"category","embeddable":true,"href":"https:\/\/zsp.wegrow.pl\/index.php\/wp-json\/wp\/v2\/categories?post=10344"},{"taxonomy":"post_tag","embeddable":true,"href":"https:\/\/zsp.wegrow.pl\/index.php\/wp-json\/wp\/v2\/tags?post=10344"}],"curies":[{"name":"wp","href":"https:\/\/api.w.org\/{rel}","templated":true}]}}