{"id":10816,"date":"2023-04-11T09:00:04","date_gmt":"2023-04-11T07:00:04","guid":{"rendered":"https:\/\/zsp.wegrow.pl\/?p=10816"},"modified":"2024-08-31T14:36:18","modified_gmt":"2024-08-31T12:36:18","slug":"kampania-spoleczna-zorganizowana-przez-sosw-w-wegrowie","status":"publish","type":"post","link":"https:\/\/zsp.wegrow.pl\/index.php\/2023\/04\/11\/kampania-spoleczna-zorganizowana-przez-sosw-w-wegrowie\/","title":{"rendered":"Kampania spo\u0142eczna zorganizowana przez SOSW w W\u0119growie"},"content":{"rendered":"\n<p class=\"has-drop-cap has-text-align-justify\">Zako\u0144czy\u0142a si\u0119 kampania spo\u0142eczna zorganizowana przez Specjalny O\u015brodek Szkolno-Wychowawczy w W\u0119growie pe\u0142ni\u0105cy zadania SCWEW w ramach projektu \u201ePilota\u017cowe wdro\u017cenie modelu Specjalistycznych Centr\u00f3w Wspieraj\u0105cych Edukacj\u0119 W\u0142\u0105czaj\u0105c\u0105 (SCWEW)\u201d. Mia\u0142a ona na celu wzrost \u015bwiadomo\u015bci cz\u0142onk\u00f3w spo\u0142eczno\u015bci lokalnej na temat funkcjonowania os\u00f3b o zr\u00f3\u017cnicowanych potrzebach oraz przybli\u017cenie zagadnie\u0144 zwi\u0105zanych z edukacj\u0105 w\u0142\u0105czaj\u0105c\u0105. G\u0142\u00f3wnym przedsi\u0119wzi\u0119ciem kampanii by\u0142 happening pod has\u0142em \u201eNie zara\u017c\u0119 Ci\u0119 autyzmem, ale mog\u0119 optymizmem\u201d zwi\u0105zany z obchodami Dnia \u015awiadomo\u015bci Autyzmu. Odby\u0142 si\u0119 on 30.03.2023 r. Uczestnicy zgromadzili si\u0119 na terenie Specjalnego O\u015brodka Szkolno-Wychowawczego w W\u0119growie i wsp\u00f3lnie przeszli na Rynek Mariacki, gdzie mia\u0142y miejsce g\u0142\u00f3wne uroczysto\u015bci. W happeningu wzi\u0119li udzia\u0142 przedstawiciele Starostwa Powiatowego w W\u0119growie, Miasta W\u0119growa, zaprzyja\u017anionych instytucji oraz uczniowie i nauczyciele z plac\u00f3wek o\u015bwiatowych, w tym mi\u0119dzy innymi z: Przedszkola nr 3 im. Marii Konopnickiej w W\u0119growie, Przedszkola nr 1 im. Czes\u0142awa Janczarskiego w W\u0119growie, Przedszkola nr 2 \u201ePod s\u0142oneczkiem\u201d w W\u0119growie, Niepublicznego Przedszkola Artystycznego Koala w W\u0119growie, Katolickiego Przedszkola \u015bw. Antoniego w W\u0119growie, Szko\u0142y Podstawowej nr 1 im. Jana Dobrogosta Krasi\u0144skiego w W\u0119growie, Szko\u0142y Podstawowej nr 2 im. Jana Paw\u0142a II w W\u0119growie, I Liceum Og\u00f3lnokszta\u0142c\u0105cego im. Adama Mickiewicza w W\u0119growie, liceum i technikum z Zespo\u0142u Szk\u00f3\u0142 Ponadpodstawowych im. Jana Kochanowskiego w W\u0119growie, M\u0142odzie\u017cowego O\u015brodka Wychowawczego w Jaworku, Warsztat\u00f3w Terapii Zaj\u0119ciowej w Jaworku, dzieci ze \u017b\u0142obka Miejskiego w W\u0119growie. Pani Hanna Kasperowicz, dyrektor SOSW w W\u0119growie i lider projektu, powita\u0142a zebranych. Przybli\u017cy\u0142a ide\u0119 przy\u015bwiecaj\u0105c\u0105 zorganizowanej kampanii oraz jej cele. Nawi\u0105za\u0142a do za\u0142o\u017ce\u0144 edukacji w\u0142\u0105czaj\u0105cej. Nast\u0119pnie zabrali g\u0142os zaproszeni go\u015bcie. W dalszej cz\u0119\u015bci happeningu zaprezentowano przygotowane wyst\u0119py dzieci i m\u0142odzie\u017cy. Dokonano rozstrzygni\u0119cia konkursu \u201eNiebieski \u015bwiat. Nasz wsp\u00f3lny \u015bwiat.\u201d i wr\u0119czono nagrody. Uczestnicy bawili si\u0119 wsp\u00f3lnie przy muzyce, zach\u0119cali do udzia\u0142u w zabawie mieszka\u0144c\u00f3w W\u0119growa, rozdawali ulotki informacyjne. Ulotki zosta\u0142y tak\u017ce przekazane do szk\u00f3\u0142 uczestnicz\u0105cych w projekcie spoza W\u0119growa i rozpowszechnione w ich lokalnym \u015brodowisku. Na zako\u0144czenie dokonano symbolicznego wypuszczenia niebieskich balon\u00f3w w niebo przy d\u017awi\u0119kach muzyki. Kampania by\u0142a skierowana do spo\u0142eczno\u015bci lokalnej z terenu powiatu w\u0119growskiego. Informacje przekazane uczestnikom podczas wyst\u0105pie\u0144 oraz ulotki przybli\u017cy\u0142y kwestie dotycz\u0105ce funkcjonowania os\u00f3b z niepe\u0142nosprawno\u015bciami. Wp\u0142yn\u0119\u0142y na zwi\u0119kszenie \u015bwiadomo\u015bci spo\u0142eczno\u015bci lokalnej na temat zr\u00f3\u017cnicowanych potrzeb cz\u0142onk\u00f3w tej spo\u0142eczno\u015bci oraz aspekt\u00f3w zwi\u0105zanych z edukacj\u0105 w\u0142\u0105czaj\u0105c\u0105 i budowaniem w\u0142\u0105czaj\u0105cego \u015brodowiska lokalnego.<\/p>\n\n\n\nngg_shortcode_0_placeholder\n","protected":false},"excerpt":{"rendered":"<p>Zako\u0144czy\u0142a si\u0119 kampania spo\u0142eczna zorganizowana przez Specjalny O\u015brodek Szkolno-Wychowawczy w W\u0119growie pe\u0142ni\u0105cy zadania SCWEW w ramach projektu \u201ePilota\u017cowe wdro\u017cenie modelu Specjalistycznych Centr\u00f3w Wspieraj\u0105cych Edukacj\u0119 W\u0142\u0105czaj\u0105c\u0105 (SCWEW)\u201d. Mia\u0142a ona na celu wzrost \u015bwiadomo\u015bci cz\u0142onk\u00f3w spo\u0142eczno\u015bci lokalnej<\/p>\n","protected":false},"author":1,"featured_media":7070,"comment_status":"closed","ping_status":"closed","sticky":false,"template":"","format":"standard","meta":{"ngg_post_thumbnail":0,"_themeisle_gutenberg_block_has_review":false,"jetpack_post_was_ever_published":false,"_jetpack_newsletter_access":"","_jetpack_dont_email_post_to_subs":false,"_jetpack_newsletter_tier_id":0,"_jetpack_memberships_contains_paywalled_content":false,"_jetpack_memberships_contains_paid_content":false,"footnotes":"","jetpack_publicize_message":"","jetpack_publicize_feature_enabled":true,"jetpack_social_post_already_shared":true,"jetpack_social_options":{"image_generator_settings":{"template":"highway","default_image_id":0,"font":"","enabled":false},"version":2}},"categories":[37,62],"tags":[],"class_list":["post-10816","post","type-post","status-publish","format-standard","has-post-thumbnail","hentry","category-projekty","category-scwew"],"jetpack_publicize_connections":[],"jetpack_featured_media_url":"https:\/\/i0.wp.com\/zsp.wegrow.pl\/wp-content\/uploads\/2021\/12\/projekt_o.jpg?fit=850%2C150&ssl=1","jetpack_sharing_enabled":true,"jetpack_shortlink":"https:\/\/wp.me\/paT2nI-2Os","_links":{"self":[{"href":"https:\/\/zsp.wegrow.pl\/index.php\/wp-json\/wp\/v2\/posts\/10816","targetHints":{"allow":["GET"]}}],"collection":[{"href":"https:\/\/zsp.wegrow.pl\/index.php\/wp-json\/wp\/v2\/posts"}],"about":[{"href":"https:\/\/zsp.wegrow.pl\/index.php\/wp-json\/wp\/v2\/types\/post"}],"author":[{"embeddable":true,"href":"https:\/\/zsp.wegrow.pl\/index.php\/wp-json\/wp\/v2\/users\/1"}],"replies":[{"embeddable":true,"href":"https:\/\/zsp.wegrow.pl\/index.php\/wp-json\/wp\/v2\/comments?post=10816"}],"version-history":[{"count":1,"href":"https:\/\/zsp.wegrow.pl\/index.php\/wp-json\/wp\/v2\/posts\/10816\/revisions"}],"predecessor-version":[{"id":10922,"href":"https:\/\/zsp.wegrow.pl\/index.php\/wp-json\/wp\/v2\/posts\/10816\/revisions\/10922"}],"wp:featuredmedia":[{"embeddable":true,"href":"https:\/\/zsp.wegrow.pl\/index.php\/wp-json\/wp\/v2\/media\/7070"}],"wp:attachment":[{"href":"https:\/\/zsp.wegrow.pl\/index.php\/wp-json\/wp\/v2\/media?parent=10816"}],"wp:term":[{"taxonomy":"category","embeddable":true,"href":"https:\/\/zsp.wegrow.pl\/index.php\/wp-json\/wp\/v2\/categories?post=10816"},{"taxonomy":"post_tag","embeddable":true,"href":"https:\/\/zsp.wegrow.pl\/index.php\/wp-json\/wp\/v2\/tags?post=10816"}],"curies":[{"name":"wp","href":"https:\/\/api.w.org\/{rel}","templated":true}]}}