{"id":10958,"date":"2023-04-18T09:26:57","date_gmt":"2023-04-18T07:26:57","guid":{"rendered":"https:\/\/zsp.wegrow.pl\/?p=10958"},"modified":"2024-08-31T14:09:25","modified_gmt":"2024-08-31T12:09:25","slug":"29-lecie-istnienia-caritas-diecezji-drohiczynskiej","status":"publish","type":"post","link":"https:\/\/zsp.wegrow.pl\/index.php\/2023\/04\/18\/29-lecie-istnienia-caritas-diecezji-drohiczynskiej\/","title":{"rendered":"29-lecie istnienia Caritas Diecezji Drohiczy\u0144skiej"},"content":{"rendered":"\n<p class=\"has-drop-cap has-text-align-justify\">Dnia 15 kwietnia br. odby\u0142o si\u0119 uroczyste celebrowanie 29-lecia istnienia Caritas Diecezji Drohiczy\u0144skiej w Soko\u0142owie Podlaskim, nad kt\u00f3rym patronat obj\u0119li Biskup Drohiczy\u0144ski Piotr Sawczuk oraz Biskup Senior Antonii Dydycz.<br>Uczniowie Zespo\u0142u Szk\u00f3\u0142 Ponadpodstawowych im. Jana Kochanowskiego w W\u0119growie uczestniczyli w tej pi\u0119knej i podnios\u0142ej uroczysto\u015bci.<br>Caritas realizuje wielowymiarow\u0105 pomoc osobom potrzebuj\u0105cym. Prowadzi \u015bwietlice socjoterapeutyczne, jad\u0142odajnie, dom dziecka, warsztaty terapi zaj\u0119ciowej. Wpiera m\u0142odzie\u017c programami stypendialnymi Skrzyd\u0142a oraz Dwa Talenty.<br>Po Mszy \u015aw. uroczysto\u015b\u0107 u\u015bwietni\u0142y wyst\u0119py naszych uczni\u00f3w z zespo\u0142u wokalno-muzycznego naszej szko\u0142y. Marta Gawor zaprezentowa\u0142a utw\u00f3r muzyczny \u201e Rado\u015b\u0107 najpi\u0119kniejszych lat\u201d, Adrian Kowalczyk zagra\u0142 na akordeonie \u201ePoloneza Ogi\u0144skiego \u2013 po\u017cegnanie Ojczyzny\u201d, a Kinga Malinowska \u201eP\u0142on\u0105 g\u00f3ry, p\u0142on\u0105 lasy\u201d. Wykonanie utwor\u00f3w przez nasz\u0105 m\u0142odzie\u017c wzbudzi\u0142o zachwyt i uznanie u zgromadzonych go\u015bci.<br>Wydarzenie zako\u0144czy\u0142o si\u0119 uroczystym obiadem przygotowanym przez Dom Mi\u0142osierdzia im. Jana Paw\u0142a II w Soko\u0142owie Podlaskim, w kt\u00f3rym wzi\u0119li udzia\u0142 zar\u00f3wno zgromadzeni go\u015bcie jak i dzieci, m\u0142odzie\u017c. Wszyscy mieli w tym czasie okazj\u0119 do wymiany swoich wra\u017ce\u0144 z dzisiejszego dnia.<br>Bardzo dzi\u0119kujemy za zaproszenie. Cieszymy si\u0119, \u017ce nasza szko\u0142a mog\u0142a uczestniczy\u0107 w tej pi\u0119knej uroczysto\u015bci.<br>Fot. Caritas Diecezji Drohiczy\u0144skiej<\/p>\n\n\n\nngg_shortcode_0_placeholder\n","protected":false},"excerpt":{"rendered":"<p>Dnia 15 kwietnia br. odby\u0142o si\u0119 uroczyste celebrowanie 29-lecia istnienia Caritas Diecezji Drohiczy\u0144skiej w Soko\u0142owie Podlaskim, nad kt\u00f3rym patronat obj\u0119li Biskup Drohiczy\u0144ski Piotr Sawczuk oraz Biskup Senior Antonii Dydycz.Uczniowie Zespo\u0142u Szk\u00f3\u0142 Ponadpodstawowych im. Jana Kochanowskiego<\/p>\n","protected":false},"author":1,"featured_media":10972,"comment_status":"closed","ping_status":"closed","sticky":false,"template":"","format":"standard","meta":{"ngg_post_thumbnail":0,"_themeisle_gutenberg_block_has_review":false,"jetpack_post_was_ever_published":false,"_jetpack_newsletter_access":"","_jetpack_dont_email_post_to_subs":false,"_jetpack_newsletter_tier_id":0,"_jetpack_memberships_contains_paywalled_content":false,"_jetpack_memberships_contains_paid_content":false,"footnotes":"","jetpack_publicize_message":"","jetpack_publicize_feature_enabled":true,"jetpack_social_post_already_shared":true,"jetpack_social_options":{"image_generator_settings":{"template":"highway","default_image_id":0,"font":"","enabled":false},"version":2}},"categories":[38],"tags":[],"class_list":["post-10958","post","type-post","status-publish","format-standard","has-post-thumbnail","hentry","category-uroczystosci"],"jetpack_publicize_connections":[],"jetpack_featured_media_url":"https:\/\/i0.wp.com\/zsp.wegrow.pl\/wp-content\/uploads\/2023\/04\/03_wyr.jpg?fit=800%2C533&ssl=1","jetpack_sharing_enabled":true,"jetpack_shortlink":"https:\/\/wp.me\/paT2nI-2QK","_links":{"self":[{"href":"https:\/\/zsp.wegrow.pl\/index.php\/wp-json\/wp\/v2\/posts\/10958","targetHints":{"allow":["GET"]}}],"collection":[{"href":"https:\/\/zsp.wegrow.pl\/index.php\/wp-json\/wp\/v2\/posts"}],"about":[{"href":"https:\/\/zsp.wegrow.pl\/index.php\/wp-json\/wp\/v2\/types\/post"}],"author":[{"embeddable":true,"href":"https:\/\/zsp.wegrow.pl\/index.php\/wp-json\/wp\/v2\/users\/1"}],"replies":[{"embeddable":true,"href":"https:\/\/zsp.wegrow.pl\/index.php\/wp-json\/wp\/v2\/comments?post=10958"}],"version-history":[{"count":1,"href":"https:\/\/zsp.wegrow.pl\/index.php\/wp-json\/wp\/v2\/posts\/10958\/revisions"}],"predecessor-version":[{"id":10973,"href":"https:\/\/zsp.wegrow.pl\/index.php\/wp-json\/wp\/v2\/posts\/10958\/revisions\/10973"}],"wp:featuredmedia":[{"embeddable":true,"href":"https:\/\/zsp.wegrow.pl\/index.php\/wp-json\/wp\/v2\/media\/10972"}],"wp:attachment":[{"href":"https:\/\/zsp.wegrow.pl\/index.php\/wp-json\/wp\/v2\/media?parent=10958"}],"wp:term":[{"taxonomy":"category","embeddable":true,"href":"https:\/\/zsp.wegrow.pl\/index.php\/wp-json\/wp\/v2\/categories?post=10958"},{"taxonomy":"post_tag","embeddable":true,"href":"https:\/\/zsp.wegrow.pl\/index.php\/wp-json\/wp\/v2\/tags?post=10958"}],"curies":[{"name":"wp","href":"https:\/\/api.w.org\/{rel}","templated":true}]}}