{"id":10975,"date":"2023-04-19T09:13:13","date_gmt":"2023-04-19T07:13:13","guid":{"rendered":"https:\/\/zsp.wegrow.pl\/?p=10975"},"modified":"2024-08-31T14:09:11","modified_gmt":"2024-08-31T12:09:11","slug":"diecezjalne-czuwanie-maturzystow-na-jasnej-gorze-2","status":"publish","type":"post","link":"https:\/\/zsp.wegrow.pl\/index.php\/2023\/04\/19\/diecezjalne-czuwanie-maturzystow-na-jasnej-gorze-2\/","title":{"rendered":"Diecezjalne Czuwanie Maturzyst\u00f3w na Jasnej G\u00f3rze"},"content":{"rendered":"\n<p class=\"has-drop-cap has-text-align-justify\">Do Cz\u0119stochowy 17 kwietnia 2023 roku przybyli uczestnicy Diecezjalnego Czuwania Maturzyst\u00f3w na Jasnej G\u00f3rze. Zespo\u0142u Szk\u00f3\u0142 Ponadpodstawowych im. Jana Kochanowskiego i w tym roku nie mog\u0142o zabrakn\u0105\u0107.<br>Tradycyjnie spotkani zacz\u0119\u0142o si\u0119 od konferencji i \u015bwiadectwa. W tym roku go\u015bciem by\u0142 Jan Mela, najm\u0142odszy w historii zdobywca dw\u00f3ch biegun\u00f3w w jednym roku, a zarazem pierwsza osoba z niepe\u0142nosprawno\u015bci\u0105, kt\u00f3ra tego dokona\u0142a. Kolejnym punktem by\u0142a Droga Krzy\u017cowa w Bazylice. Na wsp\u00f3lnej modlitwie po\u0142\u0105czyli\u015bmy si\u0119 o godzinie 21 w czasie Apelu Jasnog\u00f3rskiego, zawierzaj\u0105c egzamin dojrza\u0142o\u015bci i dalsza \u017cyciowe wybory. Po Apelu pozostali\u015bmy przy Matce Bo\u017cej w Kaplicy Cudownego Obrazu czuwaj\u0105c, \u015bpiewaj\u0105c, uwielbiaj\u0105c Boga, modl\u0105c si\u0119 za siebie nawzajem, oraz wszystkich, kt\u00f3rym to obiecali\u015bmy. Spotkanie zako\u0144czy\u0142a uroczysta Msza \u015awi\u0119ta, kt\u00f3r\u0105 sprawowa\u0142 Biskup Diecezji Drohiczy\u0144skiej Ksi\u0105dz Piotr Sawczuk. M\u0142odzie\u017c pe\u0142na wiary i nadziei wr\u00f3ci\u0142a nad ranem pod opiek\u0105 Pani Agnieszki Szczepa\u0144skiej, Pani Moniki Krasnod\u0119bskiej oraz Pana Mariusza \u017bo\u0142nierzaka.<\/p>\n\n\n\nngg_shortcode_0_placeholder\n","protected":false},"excerpt":{"rendered":"<p>Do Cz\u0119stochowy 17 kwietnia 2023 roku przybyli uczestnicy Diecezjalnego Czuwania Maturzyst\u00f3w na Jasnej G\u00f3rze. Zespo\u0142u Szk\u00f3\u0142 Ponadpodstawowych im. Jana Kochanowskiego i w tym roku nie mog\u0142o zabrakn\u0105\u0107.Tradycyjnie spotkani zacz\u0119\u0142o si\u0119 od konferencji i \u015bwiadectwa. W<\/p>\n","protected":false},"author":1,"featured_media":11021,"comment_status":"closed","ping_status":"closed","sticky":false,"template":"","format":"standard","meta":{"ngg_post_thumbnail":0,"_themeisle_gutenberg_block_has_review":false,"jetpack_post_was_ever_published":false,"_jetpack_newsletter_access":"","_jetpack_dont_email_post_to_subs":false,"_jetpack_newsletter_tier_id":0,"_jetpack_memberships_contains_paywalled_content":false,"_jetpack_memberships_contains_paid_content":false,"footnotes":"","jetpack_publicize_message":"","jetpack_publicize_feature_enabled":true,"jetpack_social_post_already_shared":true,"jetpack_social_options":{"image_generator_settings":{"template":"highway","default_image_id":0,"font":"","enabled":false},"version":2}},"categories":[30],"tags":[],"class_list":["post-10975","post","type-post","status-publish","format-standard","has-post-thumbnail","hentry","category-maturzysci"],"jetpack_publicize_connections":[],"jetpack_featured_media_url":"https:\/\/i0.wp.com\/zsp.wegrow.pl\/wp-content\/uploads\/2023\/04\/01_wyr_1.jpg?fit=850%2C400&ssl=1","jetpack_sharing_enabled":true,"jetpack_shortlink":"https:\/\/wp.me\/paT2nI-2R1","_links":{"self":[{"href":"https:\/\/zsp.wegrow.pl\/index.php\/wp-json\/wp\/v2\/posts\/10975","targetHints":{"allow":["GET"]}}],"collection":[{"href":"https:\/\/zsp.wegrow.pl\/index.php\/wp-json\/wp\/v2\/posts"}],"about":[{"href":"https:\/\/zsp.wegrow.pl\/index.php\/wp-json\/wp\/v2\/types\/post"}],"author":[{"embeddable":true,"href":"https:\/\/zsp.wegrow.pl\/index.php\/wp-json\/wp\/v2\/users\/1"}],"replies":[{"embeddable":true,"href":"https:\/\/zsp.wegrow.pl\/index.php\/wp-json\/wp\/v2\/comments?post=10975"}],"version-history":[{"count":1,"href":"https:\/\/zsp.wegrow.pl\/index.php\/wp-json\/wp\/v2\/posts\/10975\/revisions"}],"predecessor-version":[{"id":11020,"href":"https:\/\/zsp.wegrow.pl\/index.php\/wp-json\/wp\/v2\/posts\/10975\/revisions\/11020"}],"wp:featuredmedia":[{"embeddable":true,"href":"https:\/\/zsp.wegrow.pl\/index.php\/wp-json\/wp\/v2\/media\/11021"}],"wp:attachment":[{"href":"https:\/\/zsp.wegrow.pl\/index.php\/wp-json\/wp\/v2\/media?parent=10975"}],"wp:term":[{"taxonomy":"category","embeddable":true,"href":"https:\/\/zsp.wegrow.pl\/index.php\/wp-json\/wp\/v2\/categories?post=10975"},{"taxonomy":"post_tag","embeddable":true,"href":"https:\/\/zsp.wegrow.pl\/index.php\/wp-json\/wp\/v2\/tags?post=10975"}],"curies":[{"name":"wp","href":"https:\/\/api.w.org\/{rel}","templated":true}]}}