{"id":11024,"date":"2023-04-24T15:08:48","date_gmt":"2023-04-24T13:08:48","guid":{"rendered":"https:\/\/zsp.wegrow.pl\/?p=11024"},"modified":"2024-08-31T14:09:03","modified_gmt":"2024-08-31T12:09:03","slug":"warsztaty-moda-zna-czytanie","status":"publish","type":"post","link":"https:\/\/zsp.wegrow.pl\/index.php\/2023\/04\/24\/warsztaty-moda-zna-czytanie\/","title":{"rendered":"Warsztaty &#8222;Moda zna czytanie&#8221;"},"content":{"rendered":"\n<p class=\"has-drop-cap has-text-align-justify\">Biblioteka Pedagogiczna w W\u0119growie zorganizowa\u0142a warsztaty dla bibliotekarzy z powiatu w\u0119growskiego pt. &#8222;Moda zna czytanie&#8221;. Zaj\u0119cia odby\u0142y si\u0119 w W\u0119growskim O\u015brodku Kultury w dniu 13 kwietnia 2023 r. Prowadz\u0105cymi by\u0142y panie Katarzyna Go\u0142ubiew i Barbara Szczepaniak z Wojew\u00f3dzkiej Biblioteki Pedagogicznej im. KEN w Warszawie. Na warsztatach poruszana by\u0142a tematyka zwi\u0105zk\u00f3w mody i czytania. Panie prowadz\u0105ce udowodni\u0142y, \u017ce literatura i moda maj\u0105 wiele wsp\u00f3lnego. Prezentowane by\u0142y ksi\u0105\u017cki odnosz\u0105ce si\u0119 do powy\u017cszych temat\u00f3w, projekty ubior\u00f3w projektowanych przez znanych literat\u00f3w, indywidualne style ubierania si\u0119 pisarzy, wywiady. Uczestnicy warsztat\u00f3w mogli obejrze\u0107 zdj\u0119cia projekt\u00f3w ubra\u0144 min. Leona Wi\u015bniewskiego, Olgi Tokarczuk.<br>Biblioteka Szkolna<\/p>\n\n\n<div class=\"wp-block-image\">\n<figure class=\"aligncenter size-large\"><a href=\"https:\/\/i0.wp.com\/zsp.wegrow.pl\/wp-content\/uploads\/2023\/04\/moda-zna-czytanie.jpg?ssl=1\"><img data-recalc-dims=\"1\" fetchpriority=\"high\" decoding=\"async\" width=\"840\" height=\"630\" src=\"https:\/\/i0.wp.com\/zsp.wegrow.pl\/wp-content\/uploads\/2023\/04\/moda-zna-czytanie.jpg?resize=840%2C630&#038;ssl=1\" alt=\"\" class=\"wp-image-11026\" srcset=\"https:\/\/i0.wp.com\/zsp.wegrow.pl\/wp-content\/uploads\/2023\/04\/moda-zna-czytanie.jpg?resize=1024%2C768&amp;ssl=1 1024w, https:\/\/i0.wp.com\/zsp.wegrow.pl\/wp-content\/uploads\/2023\/04\/moda-zna-czytanie.jpg?resize=300%2C225&amp;ssl=1 300w, https:\/\/i0.wp.com\/zsp.wegrow.pl\/wp-content\/uploads\/2023\/04\/moda-zna-czytanie.jpg?resize=150%2C113&amp;ssl=1 150w, https:\/\/i0.wp.com\/zsp.wegrow.pl\/wp-content\/uploads\/2023\/04\/moda-zna-czytanie.jpg?resize=768%2C576&amp;ssl=1 768w, https:\/\/i0.wp.com\/zsp.wegrow.pl\/wp-content\/uploads\/2023\/04\/moda-zna-czytanie.jpg?resize=1536%2C1152&amp;ssl=1 1536w, https:\/\/i0.wp.com\/zsp.wegrow.pl\/wp-content\/uploads\/2023\/04\/moda-zna-czytanie.jpg?resize=840%2C630&amp;ssl=1 840w, https:\/\/i0.wp.com\/zsp.wegrow.pl\/wp-content\/uploads\/2023\/04\/moda-zna-czytanie.jpg?resize=440%2C330&amp;ssl=1 440w, https:\/\/i0.wp.com\/zsp.wegrow.pl\/wp-content\/uploads\/2023\/04\/moda-zna-czytanie.jpg?resize=24%2C18&amp;ssl=1 24w, https:\/\/i0.wp.com\/zsp.wegrow.pl\/wp-content\/uploads\/2023\/04\/moda-zna-czytanie.jpg?resize=36%2C27&amp;ssl=1 36w, https:\/\/i0.wp.com\/zsp.wegrow.pl\/wp-content\/uploads\/2023\/04\/moda-zna-czytanie.jpg?resize=48%2C36&amp;ssl=1 48w, https:\/\/i0.wp.com\/zsp.wegrow.pl\/wp-content\/uploads\/2023\/04\/moda-zna-czytanie.jpg?w=2048&amp;ssl=1 2048w, https:\/\/i0.wp.com\/zsp.wegrow.pl\/wp-content\/uploads\/2023\/04\/moda-zna-czytanie.jpg?w=1680&amp;ssl=1 1680w\" sizes=\"(max-width: 840px) 100vw, 840px\" \/><\/a><\/figure>\n<\/div>","protected":false},"excerpt":{"rendered":"<p>Biblioteka Pedagogiczna w W\u0119growie zorganizowa\u0142a warsztaty dla bibliotekarzy z powiatu w\u0119growskiego pt. &#8222;Moda zna czytanie&#8221;. Zaj\u0119cia odby\u0142y si\u0119 w W\u0119growskim O\u015brodku Kultury w dniu 13 kwietnia 2023 r. Prowadz\u0105cymi by\u0142y panie Katarzyna Go\u0142ubiew i Barbara<\/p>\n","protected":false},"author":1,"featured_media":4844,"comment_status":"closed","ping_status":"closed","sticky":false,"template":"","format":"standard","meta":{"ngg_post_thumbnail":0,"_themeisle_gutenberg_block_has_review":false,"jetpack_post_was_ever_published":false,"_jetpack_newsletter_access":"","_jetpack_dont_email_post_to_subs":false,"_jetpack_newsletter_tier_id":0,"_jetpack_memberships_contains_paywalled_content":false,"_jetpack_memberships_contains_paid_content":false,"footnotes":"","jetpack_publicize_message":"","jetpack_publicize_feature_enabled":true,"jetpack_social_post_already_shared":true,"jetpack_social_options":{"image_generator_settings":{"template":"highway","default_image_id":0,"font":"","enabled":false},"version":2}},"categories":[59],"tags":[],"class_list":["post-11024","post","type-post","status-publish","format-standard","has-post-thumbnail","hentry","category-biblioteka-szkolna"],"jetpack_publicize_connections":[],"jetpack_featured_media_url":"https:\/\/i0.wp.com\/zsp.wegrow.pl\/wp-content\/uploads\/2020\/06\/szko%C5%82a_m.jpg?fit=850%2C360&ssl=1","jetpack_sharing_enabled":true,"jetpack_shortlink":"https:\/\/wp.me\/paT2nI-2RO","_links":{"self":[{"href":"https:\/\/zsp.wegrow.pl\/index.php\/wp-json\/wp\/v2\/posts\/11024","targetHints":{"allow":["GET"]}}],"collection":[{"href":"https:\/\/zsp.wegrow.pl\/index.php\/wp-json\/wp\/v2\/posts"}],"about":[{"href":"https:\/\/zsp.wegrow.pl\/index.php\/wp-json\/wp\/v2\/types\/post"}],"author":[{"embeddable":true,"href":"https:\/\/zsp.wegrow.pl\/index.php\/wp-json\/wp\/v2\/users\/1"}],"replies":[{"embeddable":true,"href":"https:\/\/zsp.wegrow.pl\/index.php\/wp-json\/wp\/v2\/comments?post=11024"}],"version-history":[{"count":3,"href":"https:\/\/zsp.wegrow.pl\/index.php\/wp-json\/wp\/v2\/posts\/11024\/revisions"}],"predecessor-version":[{"id":11028,"href":"https:\/\/zsp.wegrow.pl\/index.php\/wp-json\/wp\/v2\/posts\/11024\/revisions\/11028"}],"wp:featuredmedia":[{"embeddable":true,"href":"https:\/\/zsp.wegrow.pl\/index.php\/wp-json\/wp\/v2\/media\/4844"}],"wp:attachment":[{"href":"https:\/\/zsp.wegrow.pl\/index.php\/wp-json\/wp\/v2\/media?parent=11024"}],"wp:term":[{"taxonomy":"category","embeddable":true,"href":"https:\/\/zsp.wegrow.pl\/index.php\/wp-json\/wp\/v2\/categories?post=11024"},{"taxonomy":"post_tag","embeddable":true,"href":"https:\/\/zsp.wegrow.pl\/index.php\/wp-json\/wp\/v2\/tags?post=11024"}],"curies":[{"name":"wp","href":"https:\/\/api.w.org\/{rel}","templated":true}]}}