{"id":11029,"date":"2023-04-24T15:29:16","date_gmt":"2023-04-24T13:29:16","guid":{"rendered":"https:\/\/zsp.wegrow.pl\/?p=11029"},"modified":"2024-08-31T14:08:55","modified_gmt":"2024-08-31T12:08:55","slug":"dzien-dobra-z-usmiechem-malych-i-duzych-pacjentow","status":"publish","type":"post","link":"https:\/\/zsp.wegrow.pl\/index.php\/2023\/04\/24\/dzien-dobra-z-usmiechem-malych-i-duzych-pacjentow\/","title":{"rendered":"Dzie\u0144 dobra z u\u015bmiechem ma\u0142ych i du\u017cych pacjent\u00f3w."},"content":{"rendered":"\n<p class=\"has-drop-cap has-text-align-justify\">Dostrzegamy i pokazujemy, \u017ce dobra jest wi\u0119cej. Jego najwi\u0119kszym wymiarem jest spotkanie z drugim cz\u0142owiekiem. 21 kwietnia 2023 roku, wolontariusze z Zespo\u0142u Szk\u00f3\u0142 Ponadpodstawowych im. Jana Kochanowskiego w W\u0119growie w\u0142\u0105czaj\u0105c si\u0119 w akcje #Dzie\u0144Dobra organizowan\u0105 przez Caritas Diecezji Drohiczy\u0144skiej, przygotowali s\u0142odkie paczuszki dla pacjent\u00f3w Powiatowego Szpitala w W\u0119growie. Ka\u017cdy dzie\u0144 dla ludzi kt\u00f3rych spotykamy, dzi\u0119ki nam mo\u017ce sta\u0107 si\u0119 lepszy. Czasem wystarczy u\u015bmiech, mi\u0142y gest lub s\u0142owo, czasem wystarczy po prostu przy kim\u015b by\u0107. Dzielmy si\u0119 dobrem !<br>Tak jak nasi uczniowie, kt\u00f3rzy w\u0142\u0105czyli si\u0119 w akcje:<br>Katarzyna Dziewulska 1ek<br>Oliwia Gierej 1ek<br>Dominika Myrcha 1ek<br>Justyna Wiel\u0105dek 1ek<br>Katarzyna Puzan 1Lo<br>Karolina Kozarewicz 1Lo<br>Klaudia Stankiewicz 1Lo<br>Klaudia Kami\u0144ska 1Lo<br>Oliwia Pakie\u0142a 1Lo<br>Maja Ufnal 1Lo<br>Amelia Fatyga 1Lo<br>Amelia Powierza 1Lo<br>Adrian Kowalczyk 2em<br>Patryk Niszcz 2em<br>Natalia Pikulska 2ek<br>Kinga Malinowska 2ek<br>Akcj\u0119 koordynowa\u0142y: pani Agnieszka Szczepa\u0144ska oraz wicedyrektor pani Aneta Rosochacka. Sk\u0142adamy serdeczne podzi\u0119kowania dyrektorowi Samodzielnego Publicznego Zak\u0142adu Opieki Zdrowotnej panu Arturowi Sk\u00f3ra za pomoc w organizacji akcji.<br>Fot. Agnieszka Szczepa\u0144ska i Kasia Czarnecka<\/p>\n\n\n\nngg_shortcode_0_placeholder\n","protected":false},"excerpt":{"rendered":"<p>Dostrzegamy i pokazujemy, \u017ce dobra jest wi\u0119cej. Jego najwi\u0119kszym wymiarem jest spotkanie z drugim cz\u0142owiekiem. 21 kwietnia 2023 roku, wolontariusze z Zespo\u0142u Szk\u00f3\u0142 Ponadpodstawowych im. Jana Kochanowskiego w W\u0119growie w\u0142\u0105czaj\u0105c si\u0119 w akcje #Dzie\u0144Dobra organizowan\u0105<\/p>\n","protected":false},"author":1,"featured_media":11075,"comment_status":"closed","ping_status":"closed","sticky":false,"template":"","format":"standard","meta":{"ngg_post_thumbnail":0,"_themeisle_gutenberg_block_has_review":false,"jetpack_post_was_ever_published":false,"_jetpack_newsletter_access":"","_jetpack_dont_email_post_to_subs":false,"_jetpack_newsletter_tier_id":0,"_jetpack_memberships_contains_paywalled_content":false,"_jetpack_memberships_contains_paid_content":false,"footnotes":"","jetpack_publicize_message":"","jetpack_publicize_feature_enabled":true,"jetpack_social_post_already_shared":true,"jetpack_social_options":{"image_generator_settings":{"template":"highway","default_image_id":0,"font":"","enabled":false},"version":2}},"categories":[35,21],"tags":[],"class_list":["post-11029","post","type-post","status-publish","format-standard","has-post-thumbnail","hentry","category-akcje-charytatywne","category-wolontariusze"],"jetpack_publicize_connections":[],"jetpack_featured_media_url":"https:\/\/i0.wp.com\/zsp.wegrow.pl\/wp-content\/uploads\/2023\/04\/dzien-dobra-2023_wyr.jpg?fit=849%2C477&ssl=1","jetpack_sharing_enabled":true,"jetpack_shortlink":"https:\/\/wp.me\/paT2nI-2RT","_links":{"self":[{"href":"https:\/\/zsp.wegrow.pl\/index.php\/wp-json\/wp\/v2\/posts\/11029","targetHints":{"allow":["GET"]}}],"collection":[{"href":"https:\/\/zsp.wegrow.pl\/index.php\/wp-json\/wp\/v2\/posts"}],"about":[{"href":"https:\/\/zsp.wegrow.pl\/index.php\/wp-json\/wp\/v2\/types\/post"}],"author":[{"embeddable":true,"href":"https:\/\/zsp.wegrow.pl\/index.php\/wp-json\/wp\/v2\/users\/1"}],"replies":[{"embeddable":true,"href":"https:\/\/zsp.wegrow.pl\/index.php\/wp-json\/wp\/v2\/comments?post=11029"}],"version-history":[{"count":1,"href":"https:\/\/zsp.wegrow.pl\/index.php\/wp-json\/wp\/v2\/posts\/11029\/revisions"}],"predecessor-version":[{"id":11076,"href":"https:\/\/zsp.wegrow.pl\/index.php\/wp-json\/wp\/v2\/posts\/11029\/revisions\/11076"}],"wp:featuredmedia":[{"embeddable":true,"href":"https:\/\/zsp.wegrow.pl\/index.php\/wp-json\/wp\/v2\/media\/11075"}],"wp:attachment":[{"href":"https:\/\/zsp.wegrow.pl\/index.php\/wp-json\/wp\/v2\/media?parent=11029"}],"wp:term":[{"taxonomy":"category","embeddable":true,"href":"https:\/\/zsp.wegrow.pl\/index.php\/wp-json\/wp\/v2\/categories?post=11029"},{"taxonomy":"post_tag","embeddable":true,"href":"https:\/\/zsp.wegrow.pl\/index.php\/wp-json\/wp\/v2\/tags?post=11029"}],"curies":[{"name":"wp","href":"https:\/\/api.w.org\/{rel}","templated":true}]}}