{"id":1134,"date":"2019-04-26T20:36:08","date_gmt":"2019-04-26T18:36:08","guid":{"rendered":"http:\/\/zsp.wegrow.pl\/?p=1134"},"modified":"2019-05-01T09:21:14","modified_gmt":"2019-05-01T07:21:14","slug":"uroczystosc-ukonczenia-szkoly","status":"publish","type":"post","link":"https:\/\/zsp.wegrow.pl\/index.php\/2019\/04\/26\/uroczystosc-ukonczenia-szkoly\/","title":{"rendered":"Uroczysto\u015b\u0107 uko\u0144czenia szko\u0142y"},"content":{"rendered":"\n<p class=\"has-drop-cap\">Dnia 26-go kwietnia w o godz. 12:00 odby\u0142a si\u0119 uroczysto\u015b\u0107 po\u017cegnania maturzyst\u00f3w.<br>Ca\u0142o\u015b\u0107 rozpocz\u0119\u0142a si\u0119 od od\u015bpiewania hymnu, a nast\u0119pnie g\u0142os do absolwent\u00f3w skierowali kolejno: pan Dyrektor \u2013 Jacek Nowotniak, pani Starosta \u2013 Ewa Besztak i przedstawicielka Rady Rodzic\u00f3w \u2013 pani Barbara Kodym. W swoich wyst\u0105pieniach podkre\u015blili wk\u0142ad uczni\u00f3w w zdobywaniu wiedzy i rol\u0119 nauczycieli, kt\u00f3rzy byli przewodnikami, i pomagali podopiecznym w doskonaleniu zdolno\u015bci oraz umiej\u0119tno\u015bci. Owocna praca zosta\u0142a podkre\u015blona i dwie uczennice: Iga Staniszewska z II Liceum Og\u00f3lnokszta\u0142c\u0105cego o profilu sportowym i Paulina Kodym z Technikum Ekonomicznego otrzyma\u0142y Nagrody Starosty za uzyskanie najwy\u017cszej \u015bredniej w danym typie szko\u0142y.<br>Wielu uczni\u00f3w otrzyma\u0142o nagrody za bardzo dobre wyniki w nauce, za szczeg\u00f3ln\u0105 aktywno\u015b\u0107 na rzecz spo\u0142eczno\u015bci szkolnej, a tak\u017ce statuetki za osi\u0105gni\u0119cia sportowe. Uczniowie klasy mundurowej zostali wyr\u00f3\u017cnieni dyplomami za reprezentowanie i promowanie szko\u0142y na uroczysto\u015bciach miejskich, i\u00a0 powiatowych. Wszystkim wyr\u00f3\u017cnionym serdecznie gratulujemy.<br>Prezentem do\u0142\u0105czonym do \u017cycze\u0144 pomy\u015blno\u015bci i sukces\u00f3w w doros\u0142ym \u017cyciu by\u0142 wyst\u0119p artystyczny, kt\u00f3ry przypomnia\u0142 lata nauki.<br>Najbardziej wyczekiwanym momentem by\u0142o wr\u0119czenie przez wychowawc\u00f3w i dyrektor\u00f3w \u015bwiadectw uko\u0144czenie szko\u0142y.<br>Z ca\u0142\u0105 pewno\u015bci\u0105 mo\u017cna powt\u00f3rzy\u0107 przytoczone przez maturzyst\u0119 s\u0142owa Winstona Churchilla:<br><\/p>\n\n\n\n<blockquote class=\"wp-block-quote is-layout-flow wp-block-quote-is-layout-flow\"><p>\u201eTo nie jest koniec, to nawet nie jest pocz\u0105tek ko\u0144ca, to dopiero koniec pocz\u0105tku!\u201d.<\/p><\/blockquote>\n\n\n\n<p><br>Fot. J. Baum.<\/p>\n\n\n\nngg_shortcode_0_placeholder\n","protected":false},"excerpt":{"rendered":"<p>Dnia 26-go kwietnia w o godz. 12:00 odby\u0142a si\u0119 uroczysto\u015b\u0107 po\u017cegnania maturzyst\u00f3w.Ca\u0142o\u015b\u0107 rozpocz\u0119\u0142a si\u0119 od od\u015bpiewania hymnu, a nast\u0119pnie g\u0142os do absolwent\u00f3w skierowali kolejno: pan Dyrektor \u2013 Jacek Nowotniak, pani Starosta \u2013 Ewa Besztak i<\/p>\n","protected":false},"author":1,"featured_media":1135,"comment_status":"closed","ping_status":"closed","sticky":false,"template":"","format":"standard","meta":{"ngg_post_thumbnail":0,"_themeisle_gutenberg_block_has_review":false,"jetpack_post_was_ever_published":false,"_jetpack_newsletter_access":"","_jetpack_dont_email_post_to_subs":false,"_jetpack_newsletter_tier_id":0,"_jetpack_memberships_contains_paywalled_content":false,"_jetpack_memberships_contains_paid_content":false,"footnotes":"","jetpack_publicize_message":"","jetpack_publicize_feature_enabled":true,"jetpack_social_post_already_shared":true,"jetpack_social_options":{"image_generator_settings":{"template":"highway","default_image_id":0,"font":"","enabled":false},"version":2}},"categories":[30],"tags":[],"class_list":["post-1134","post","type-post","status-publish","format-standard","has-post-thumbnail","hentry","category-maturzysci"],"jetpack_publicize_connections":[],"jetpack_featured_media_url":"https:\/\/i0.wp.com\/zsp.wegrow.pl\/wp-content\/uploads\/2019\/05\/01.jpg?fit=1920%2C1004&ssl=1","jetpack_sharing_enabled":true,"jetpack_shortlink":"https:\/\/wp.me\/paT2nI-ii","_links":{"self":[{"href":"https:\/\/zsp.wegrow.pl\/index.php\/wp-json\/wp\/v2\/posts\/1134","targetHints":{"allow":["GET"]}}],"collection":[{"href":"https:\/\/zsp.wegrow.pl\/index.php\/wp-json\/wp\/v2\/posts"}],"about":[{"href":"https:\/\/zsp.wegrow.pl\/index.php\/wp-json\/wp\/v2\/types\/post"}],"author":[{"embeddable":true,"href":"https:\/\/zsp.wegrow.pl\/index.php\/wp-json\/wp\/v2\/users\/1"}],"replies":[{"embeddable":true,"href":"https:\/\/zsp.wegrow.pl\/index.php\/wp-json\/wp\/v2\/comments?post=1134"}],"version-history":[{"count":8,"href":"https:\/\/zsp.wegrow.pl\/index.php\/wp-json\/wp\/v2\/posts\/1134\/revisions"}],"predecessor-version":[{"id":1257,"href":"https:\/\/zsp.wegrow.pl\/index.php\/wp-json\/wp\/v2\/posts\/1134\/revisions\/1257"}],"wp:featuredmedia":[{"embeddable":true,"href":"https:\/\/zsp.wegrow.pl\/index.php\/wp-json\/wp\/v2\/media\/1135"}],"wp:attachment":[{"href":"https:\/\/zsp.wegrow.pl\/index.php\/wp-json\/wp\/v2\/media?parent=1134"}],"wp:term":[{"taxonomy":"category","embeddable":true,"href":"https:\/\/zsp.wegrow.pl\/index.php\/wp-json\/wp\/v2\/categories?post=1134"},{"taxonomy":"post_tag","embeddable":true,"href":"https:\/\/zsp.wegrow.pl\/index.php\/wp-json\/wp\/v2\/tags?post=1134"}],"curies":[{"name":"wp","href":"https:\/\/api.w.org\/{rel}","templated":true}]}}