{"id":11499,"date":"2023-05-03T09:26:58","date_gmt":"2023-05-03T07:26:58","guid":{"rendered":"https:\/\/zsp.wegrow.pl\/?p=11499"},"modified":"2024-08-31T14:07:44","modified_gmt":"2024-08-31T12:07:44","slug":"rocznica-uchwalenia-konstytucji-3-maja","status":"publish","type":"post","link":"https:\/\/zsp.wegrow.pl\/index.php\/2023\/05\/03\/rocznica-uchwalenia-konstytucji-3-maja\/","title":{"rendered":"Rocznica uchwalenia Konstytucji 3 Maja"},"content":{"rendered":"\n<p class=\"has-drop-cap has-text-align-justify\">Dzisiaj 3 maja 2023 r w W\u0119growie, jak i w wi\u0119kszo\u015bci miast w Polsce, obchodzono 232 rocznic\u0119 uchwalenia Konstytucji 3 Maja, jednego z najstarszych na \u015bwiecie dokument\u00f3w reguluj\u0105cego ustr\u00f3j prawny pa\u0144stwa.<br>Po Mszy \u015awi\u0119tej w intencji Ojczyzny w Bazylice Mniejszej, zgromadzeni w asy\u015bcie poczt\u00f3w sztandarowych i Miejskiej Orkiestry D\u0119tej, przemaszerowali na Skwer 3 Maja znajduj\u0105cy si\u0119 przy W\u0119growskim O\u015brodku Kultury. Po od\u015bpiewaniu Mazurka D\u0105browskiego oraz przem\u00f3wieniach w\u0142adz samorz\u0105dowych i parlamentarnych delegacje z\u0142o\u017cy\u0142y wi\u0105zanki pod tablic\u0105 pami\u0105tkow\u0105.<br>Na uroczysto\u015bci Zesp\u00f3\u0142 Szk\u00f3\u0142 Ponadpodstawowych im. J. Kochanowskiego w W\u0119growie godnie reprezentowa\u0142y poczty sztandarowe pod opiek\u0105 p. Katarzyny Grendy. Sztandar szko\u0142y nie\u015bli uczniowie z technikum ekonomicznego, a sztandar Armii Krajowej, w lutym 2023 r przej\u0119ty od \u017co\u0142nierzy AK, uczniowie z II LO z klasy 2 mundurowej.<br>Takie uroczysto\u015bci s\u0105 okazj\u0105 do zamanifestowania wolno\u015bci narodu wzgl\u0119dem obcej w\u0142adzy, czy suwerenno\u015bci spo\u0142ecze\u0144stwa wobec rz\u0105dz\u0105cych. Dzi\u0119ki nim m\u0142ode pokolenia b\u0119d\u0105 pami\u0119ta\u0142y o wa\u017cnych wydarzeniach w historii Polski.<br>WIWAT KONSTYTUCJA WIWAT 3 MAJA<br>Fot. Katarzyna Grenda<\/p>\n\n\n\nngg_shortcode_0_placeholder\n","protected":false},"excerpt":{"rendered":"<p>Dzisiaj 3 maja 2023 r w W\u0119growie, jak i w wi\u0119kszo\u015bci miast w Polsce, obchodzono 232 rocznic\u0119 uchwalenia Konstytucji 3 Maja, jednego z najstarszych na \u015bwiecie dokument\u00f3w reguluj\u0105cego ustr\u00f3j prawny pa\u0144stwa.Po Mszy \u015awi\u0119tej w intencji<\/p>\n","protected":false},"author":1,"featured_media":11517,"comment_status":"closed","ping_status":"closed","sticky":false,"template":"","format":"standard","meta":{"ngg_post_thumbnail":0,"_themeisle_gutenberg_block_has_review":false,"jetpack_post_was_ever_published":false,"_jetpack_newsletter_access":"","_jetpack_dont_email_post_to_subs":false,"_jetpack_newsletter_tier_id":0,"_jetpack_memberships_contains_paywalled_content":false,"_jetpack_memberships_contains_paid_content":false,"footnotes":"","jetpack_publicize_message":"","jetpack_publicize_feature_enabled":true,"jetpack_social_post_already_shared":true,"jetpack_social_options":{"image_generator_settings":{"template":"highway","default_image_id":0,"font":"","enabled":false},"version":2}},"categories":[38],"tags":[],"class_list":["post-11499","post","type-post","status-publish","format-standard","has-post-thumbnail","hentry","category-uroczystosci"],"jetpack_publicize_connections":[],"jetpack_featured_media_url":"https:\/\/i0.wp.com\/zsp.wegrow.pl\/wp-content\/uploads\/2023\/05\/08_wyr.jpg?fit=850%2C383&ssl=1","jetpack_sharing_enabled":true,"jetpack_shortlink":"https:\/\/wp.me\/paT2nI-2Zt","_links":{"self":[{"href":"https:\/\/zsp.wegrow.pl\/index.php\/wp-json\/wp\/v2\/posts\/11499","targetHints":{"allow":["GET"]}}],"collection":[{"href":"https:\/\/zsp.wegrow.pl\/index.php\/wp-json\/wp\/v2\/posts"}],"about":[{"href":"https:\/\/zsp.wegrow.pl\/index.php\/wp-json\/wp\/v2\/types\/post"}],"author":[{"embeddable":true,"href":"https:\/\/zsp.wegrow.pl\/index.php\/wp-json\/wp\/v2\/users\/1"}],"replies":[{"embeddable":true,"href":"https:\/\/zsp.wegrow.pl\/index.php\/wp-json\/wp\/v2\/comments?post=11499"}],"version-history":[{"count":1,"href":"https:\/\/zsp.wegrow.pl\/index.php\/wp-json\/wp\/v2\/posts\/11499\/revisions"}],"predecessor-version":[{"id":11518,"href":"https:\/\/zsp.wegrow.pl\/index.php\/wp-json\/wp\/v2\/posts\/11499\/revisions\/11518"}],"wp:featuredmedia":[{"embeddable":true,"href":"https:\/\/zsp.wegrow.pl\/index.php\/wp-json\/wp\/v2\/media\/11517"}],"wp:attachment":[{"href":"https:\/\/zsp.wegrow.pl\/index.php\/wp-json\/wp\/v2\/media?parent=11499"}],"wp:term":[{"taxonomy":"category","embeddable":true,"href":"https:\/\/zsp.wegrow.pl\/index.php\/wp-json\/wp\/v2\/categories?post=11499"},{"taxonomy":"post_tag","embeddable":true,"href":"https:\/\/zsp.wegrow.pl\/index.php\/wp-json\/wp\/v2\/tags?post=11499"}],"curies":[{"name":"wp","href":"https:\/\/api.w.org\/{rel}","templated":true}]}}