{"id":11877,"date":"2023-06-21T09:40:22","date_gmt":"2023-06-21T07:40:22","guid":{"rendered":"https:\/\/zsp.wegrow.pl\/?p=11877"},"modified":"2024-08-31T14:03:26","modified_gmt":"2024-08-31T12:03:26","slug":"dzien-6-wycieczka-do-werony-i-sirmione-17-06-2023","status":"publish","type":"post","link":"https:\/\/zsp.wegrow.pl\/index.php\/2023\/06\/21\/dzien-6-wycieczka-do-werony-i-sirmione-17-06-2023\/","title":{"rendered":"Dzie\u0144 6: wycieczka do Werony i Sirmione 17.06.2023"},"content":{"rendered":"\n<p class=\"has-text-align-justify\">Sobota by\u0142a dniem pe\u0142nym wra\u017ce\u0144 kulturalnych. Tego dnia grupa wybra\u0142a si\u0119 na wycieczk\u0119 do miasta Romea i Julii &#8211; Werony jednego z najpi\u0119kniejszych miast na p\u00f3\u0142nocy W\u0142och wpisanego na list\u0119 \u015bwiatowego dziedzictwa UNESCO.<br>M\u0142odzie\u017c dowiedzia\u0142a si\u0119 podczas zwiedzania, \u017ce Szekspir nigdy nie by\u0142 w Weronie. Co wi\u0119cej, robi\u0105c sobie zdj\u0119cie ze s\u0142ynnym balkonem, odkry\u0142a ze Julia nigdy w tym domu nie mieszka\u0142a, a miasto \u015bladami Julii cz\u0119sto nawet nie wie, \u017ce Szekspir nigdy w Weronie nie by\u0142. Ponadto nasza grupa zobaczy\u0142a Amfiteatr zwany Aren\u0105 oraz posiad\u0142o\u015bci i groby rodziny Scaligerii.<br>Po obiedzie praktykanci zwiedzali Sirmione urokliw\u0105 miejscowo\u015b\u0107 po\u0142o\u017con\u0105 nad Jeziorem Garda, z pi\u0119knym zamkiem, przy kt\u00f3rym zosta\u0142y zrobione pami\u0105tkowe zdj\u0119cia. Ponadto spr\u00f3bowali w\u0142oskich przysmak\u00f3w takich jak Pizza i lody.<br>Projekt nr 2022-1-PL01-KA121-VET-000055875, realizowany przez ZSP im. Jana Kochanowskiego w W\u0119growie, finansowany ze \u015brodk\u00f3w Unii Europejskiej<\/p>\n\n\n\nngg_shortcode_0_placeholder\n","protected":false},"excerpt":{"rendered":"<p>Sobota by\u0142a dniem pe\u0142nym wra\u017ce\u0144 kulturalnych. Tego dnia grupa wybra\u0142a si\u0119 na wycieczk\u0119 do miasta Romea i Julii &#8211; Werony jednego z najpi\u0119kniejszych miast na p\u00f3\u0142nocy W\u0142och wpisanego na list\u0119 \u015bwiatowego dziedzictwa UNESCO.M\u0142odzie\u017c dowiedzia\u0142a si\u0119<\/p>\n","protected":false},"author":1,"featured_media":11919,"comment_status":"closed","ping_status":"closed","sticky":false,"template":"","format":"standard","meta":{"ngg_post_thumbnail":0,"_themeisle_gutenberg_block_has_review":false,"jetpack_post_was_ever_published":false,"_jetpack_newsletter_access":"","_jetpack_dont_email_post_to_subs":false,"_jetpack_newsletter_tier_id":0,"_jetpack_memberships_contains_paywalled_content":false,"_jetpack_memberships_contains_paid_content":false,"footnotes":"","jetpack_publicize_message":"","jetpack_publicize_feature_enabled":true,"jetpack_social_post_already_shared":true,"jetpack_social_options":{"image_generator_settings":{"template":"highway","default_image_id":0,"font":"","enabled":false},"version":2}},"categories":[55,74,37],"tags":[],"class_list":["post-11877","post","type-post","status-publish","format-standard","has-post-thumbnail","hentry","category-erasmus","category-praktyki-zagraniczne-wlochy","category-projekty"],"jetpack_publicize_connections":[],"jetpack_featured_media_url":"https:\/\/i0.wp.com\/zsp.wegrow.pl\/wp-content\/uploads\/2023\/06\/18_wyr.jpg?fit=850%2C629&ssl=1","jetpack_sharing_enabled":true,"jetpack_shortlink":"https:\/\/wp.me\/paT2nI-35z","_links":{"self":[{"href":"https:\/\/zsp.wegrow.pl\/index.php\/wp-json\/wp\/v2\/posts\/11877","targetHints":{"allow":["GET"]}}],"collection":[{"href":"https:\/\/zsp.wegrow.pl\/index.php\/wp-json\/wp\/v2\/posts"}],"about":[{"href":"https:\/\/zsp.wegrow.pl\/index.php\/wp-json\/wp\/v2\/types\/post"}],"author":[{"embeddable":true,"href":"https:\/\/zsp.wegrow.pl\/index.php\/wp-json\/wp\/v2\/users\/1"}],"replies":[{"embeddable":true,"href":"https:\/\/zsp.wegrow.pl\/index.php\/wp-json\/wp\/v2\/comments?post=11877"}],"version-history":[{"count":1,"href":"https:\/\/zsp.wegrow.pl\/index.php\/wp-json\/wp\/v2\/posts\/11877\/revisions"}],"predecessor-version":[{"id":11920,"href":"https:\/\/zsp.wegrow.pl\/index.php\/wp-json\/wp\/v2\/posts\/11877\/revisions\/11920"}],"wp:featuredmedia":[{"embeddable":true,"href":"https:\/\/zsp.wegrow.pl\/index.php\/wp-json\/wp\/v2\/media\/11919"}],"wp:attachment":[{"href":"https:\/\/zsp.wegrow.pl\/index.php\/wp-json\/wp\/v2\/media?parent=11877"}],"wp:term":[{"taxonomy":"category","embeddable":true,"href":"https:\/\/zsp.wegrow.pl\/index.php\/wp-json\/wp\/v2\/categories?post=11877"},{"taxonomy":"post_tag","embeddable":true,"href":"https:\/\/zsp.wegrow.pl\/index.php\/wp-json\/wp\/v2\/tags?post=11877"}],"curies":[{"name":"wp","href":"https:\/\/api.w.org\/{rel}","templated":true}]}}