{"id":12194,"date":"2023-08-07T15:46:49","date_gmt":"2023-08-07T13:46:49","guid":{"rendered":"https:\/\/zsp.wegrow.pl\/?p=12194"},"modified":"2024-08-31T14:00:42","modified_gmt":"2024-08-31T12:00:42","slug":"godzina-w","status":"publish","type":"post","link":"https:\/\/zsp.wegrow.pl\/index.php\/2023\/08\/07\/godzina-w\/","title":{"rendered":"GODZINA &#8222;W&#8221;"},"content":{"rendered":"\n<p class=\"has-drop-cap has-text-align-justify\">Dnia 1 sierpnia 2023 r. mieszka\u0144cy W\u0119growa, tak jak i ca\u0142ego kraju, w symboliczn\u0105 godzin\u0119 &#8222;W&#8221; pod pomnikiem AK, chwil\u0105 ciszy uczcili pami\u0119\u0107 o Powsta\u0144cach Warszawskich i ich heroicznym zrywie.<br>W tym roku to ju\u017c 79 rocznica wybuchu tego powstania. Jednostka Strzelecka &#8222;Niez\u0142omni W\u0119gr\u00f3w&#8221; i ZSP im. Jana Kochanowskiego w W\u0119growie po raz kolejny byli organizatorami tego wydarzenia w naszym mie\u015bcie. W uroczysto\u015bci wzi\u0119li udzia\u0142 parlamentarzy\u015bci, przedstawiciele w\u0142adz samorz\u0105dowych, harcerze \u017ce szk\u00f3\u0142 oraz mieszka\u0144cy W\u0119growa. Nasz\u0105 szko\u0142\u0119 godnie reprezentowali mundurowi z II Liceum Og\u00f3lnokszta\u0142c\u0105cego w Zesp\u00f3\u0142 Szk\u00f3\u0142 Ponadpodstawowych im. Jana Kochanowskiego w W\u0119growie pod opiek\u0105 p. Edyty Kozie\u0142 i poczty sztandarowe: szko\u0142y i AK, nad kt\u00f3rymi czuwa\u0142a p. Katarzyna Grenda. Po apelu pami\u0119ci i okoliczno\u015bciowych wyst\u0105pieniach zaproszonych go\u015bci, delegacje z\u0142o\u017cy\u0142y wi\u0105zanki pod pomnikiem. W ten spos\u00f3b oddali ho\u0142d m\u0142odym powsta\u0144com, kt\u00f3rzy zgin\u0119li w obronie Ojczyzny, uczcili ich bohaterstwo i po\u015bwi\u0119cenie dla kraju.<br>CZE\u015a\u0106 ICH PAMI\u0118CI<br>Na zako\u0144czenie uroczysto\u015bci zebrani wys\u0142uchali piosenek z Powstania Warszawskiego w wykonaniu wokalistki Mai Szczepanik.<br>Opiek\u0119 nad uczniami ZSP sprawowali tak\u017ce wicedyrektor p. Aneta Rosochacka i dyrektor szko\u0142y p. Jacek Nowotniak.<br>Tekst i fot. Katarzyna Grenda<\/p>\n\n\n\nngg_shortcode_0_placeholder\n","protected":false},"excerpt":{"rendered":"<p>Dnia 1 sierpnia 2023 r. mieszka\u0144cy W\u0119growa, tak jak i ca\u0142ego kraju, w symboliczn\u0105 godzin\u0119 &#8222;W&#8221; pod pomnikiem AK, chwil\u0105 ciszy uczcili pami\u0119\u0107 o Powsta\u0144cach Warszawskich i ich heroicznym zrywie.W tym roku to ju\u017c 79<\/p>\n","protected":false},"author":1,"featured_media":12208,"comment_status":"closed","ping_status":"closed","sticky":false,"template":"","format":"standard","meta":{"ngg_post_thumbnail":0,"_themeisle_gutenberg_block_has_review":false,"jetpack_post_was_ever_published":false,"_jetpack_newsletter_access":"","_jetpack_dont_email_post_to_subs":false,"_jetpack_newsletter_tier_id":0,"_jetpack_memberships_contains_paywalled_content":false,"_jetpack_memberships_contains_paid_content":false,"footnotes":"","jetpack_publicize_message":"","jetpack_publicize_feature_enabled":true,"jetpack_social_post_already_shared":true,"jetpack_social_options":{"image_generator_settings":{"template":"highway","default_image_id":0,"font":"","enabled":false},"version":2}},"categories":[23,53,38],"tags":[],"class_list":["post-12194","post","type-post","status-publish","format-standard","has-post-thumbnail","hentry","category-klasy-mundurowe","category-rocznice","category-uroczystosci"],"jetpack_publicize_connections":[],"jetpack_featured_media_url":"https:\/\/i0.wp.com\/zsp.wegrow.pl\/wp-content\/uploads\/2023\/08\/01_wyr.jpg?fit=850%2C383&ssl=1","jetpack_sharing_enabled":true,"jetpack_shortlink":"https:\/\/wp.me\/paT2nI-3aG","_links":{"self":[{"href":"https:\/\/zsp.wegrow.pl\/index.php\/wp-json\/wp\/v2\/posts\/12194","targetHints":{"allow":["GET"]}}],"collection":[{"href":"https:\/\/zsp.wegrow.pl\/index.php\/wp-json\/wp\/v2\/posts"}],"about":[{"href":"https:\/\/zsp.wegrow.pl\/index.php\/wp-json\/wp\/v2\/types\/post"}],"author":[{"embeddable":true,"href":"https:\/\/zsp.wegrow.pl\/index.php\/wp-json\/wp\/v2\/users\/1"}],"replies":[{"embeddable":true,"href":"https:\/\/zsp.wegrow.pl\/index.php\/wp-json\/wp\/v2\/comments?post=12194"}],"version-history":[{"count":1,"href":"https:\/\/zsp.wegrow.pl\/index.php\/wp-json\/wp\/v2\/posts\/12194\/revisions"}],"predecessor-version":[{"id":12209,"href":"https:\/\/zsp.wegrow.pl\/index.php\/wp-json\/wp\/v2\/posts\/12194\/revisions\/12209"}],"wp:featuredmedia":[{"embeddable":true,"href":"https:\/\/zsp.wegrow.pl\/index.php\/wp-json\/wp\/v2\/media\/12208"}],"wp:attachment":[{"href":"https:\/\/zsp.wegrow.pl\/index.php\/wp-json\/wp\/v2\/media?parent=12194"}],"wp:term":[{"taxonomy":"category","embeddable":true,"href":"https:\/\/zsp.wegrow.pl\/index.php\/wp-json\/wp\/v2\/categories?post=12194"},{"taxonomy":"post_tag","embeddable":true,"href":"https:\/\/zsp.wegrow.pl\/index.php\/wp-json\/wp\/v2\/tags?post=12194"}],"curies":[{"name":"wp","href":"https:\/\/api.w.org\/{rel}","templated":true}]}}