{"id":12612,"date":"2023-10-13T16:41:49","date_gmt":"2023-10-13T14:41:49","guid":{"rendered":"https:\/\/zsp.wegrow.pl\/?p=12612"},"modified":"2024-08-31T13:53:57","modified_gmt":"2024-08-31T11:53:57","slug":"vii-konferencja-z-okazji-miedzynarodowego-dnia-zdrowia-psychicznego","status":"publish","type":"post","link":"https:\/\/zsp.wegrow.pl\/index.php\/2023\/10\/13\/vii-konferencja-z-okazji-miedzynarodowego-dnia-zdrowia-psychicznego\/","title":{"rendered":"VII KONFERENCJA z okazji MI\u0118DZYNARODOWEGO DNIA ZDROWIA PSYCHICZNEGO"},"content":{"rendered":"\n<p class=\"has-drop-cap has-text-align-justify\">Dnia 10 pa\u017adziernika 2023 r. klasa 3 ek wraz z wychowawc\u0105 p. Katarzyn\u0105 Grend\u0105 uczestniczy\u0142a w VII KONFERENCJI z okazji MI\u0118DZYNARODOWEGO DNIA ZDROWIA PSYCHICZNEGO, kt\u00f3ra odby\u0142a si\u0119 w W\u0119growskim O\u015brodku Kultury.<br>Uczniowie podczas spotkania obejrzeli dwa akty spektaklu &#8222;Boj\u0119 si\u0119&#8221; oraz wys\u0142uchali prelekcji na temat &#8222;Ucze\u0144 w kryzysie psychicznym&#8221; wyg\u0142oszonej przez p. Monik\u0119 Wrzosek z Fundacji BY THE WAY. Podzielili si\u0119 tak\u017ce, anonimowo, swoimi l\u0119kami i obawami przed zagro\u017ceniami jakie niesie ze sob\u0105 \u017cycie we wsp\u00f3\u0142czesnym \u015bwiecie.<br>Takie konferencje dla m\u0142odzie\u017cy szkolnej odbywaj\u0105 si\u0119 w W\u0119growie co roku od kilku lat. Prowadzone s\u0105 w celu edukacji w zakresie zdrowia psychicznego, zwi\u0119kszenia \u015bwiadomo\u015bci oraz zmobilizowania wysi\u0142k\u00f3w na rzecz jego wspierania. S\u0105 okazj\u0105 do rozmowy, aby odpowiednia opieka nad zdrowiem psychicznym sta\u0142a si\u0119 dost\u0119pna dla ludzi na ca\u0142ym \u015bwiecie.<br>Tekst i fot. Katarzyna Grenda<\/p>\n\n\n\nngg_shortcode_0_placeholder\n","protected":false},"excerpt":{"rendered":"<p>Dnia 10 pa\u017adziernika 2023 r. klasa 3 ek wraz z wychowawc\u0105 p. Katarzyn\u0105 Grend\u0105 uczestniczy\u0142a w VII KONFERENCJI z okazji MI\u0118DZYNARODOWEGO DNIA ZDROWIA PSYCHICZNEGO, kt\u00f3ra odby\u0142a si\u0119 w W\u0119growskim O\u015brodku Kultury.Uczniowie podczas spotkania obejrzeli dwa<\/p>\n","protected":false},"author":1,"featured_media":12634,"comment_status":"closed","ping_status":"closed","sticky":false,"template":"","format":"standard","meta":{"ngg_post_thumbnail":0,"_themeisle_gutenberg_block_has_review":false,"jetpack_post_was_ever_published":false,"_jetpack_newsletter_access":"","_jetpack_dont_email_post_to_subs":false,"_jetpack_newsletter_tier_id":0,"_jetpack_memberships_contains_paywalled_content":false,"_jetpack_memberships_contains_paid_content":false,"footnotes":"","jetpack_publicize_message":"","jetpack_publicize_feature_enabled":true,"jetpack_social_post_already_shared":true,"jetpack_social_options":{"image_generator_settings":{"template":"highway","default_image_id":0,"font":"","enabled":false},"version":2}},"categories":[67],"tags":[],"class_list":["post-12612","post","type-post","status-publish","format-standard","has-post-thumbnail","hentry","category-konferencje"],"jetpack_publicize_connections":[],"jetpack_featured_media_url":"https:\/\/i0.wp.com\/zsp.wegrow.pl\/wp-content\/uploads\/2023\/10\/01_wyr-1.jpg?fit=850%2C383&ssl=1","jetpack_sharing_enabled":true,"jetpack_shortlink":"https:\/\/wp.me\/paT2nI-3hq","_links":{"self":[{"href":"https:\/\/zsp.wegrow.pl\/index.php\/wp-json\/wp\/v2\/posts\/12612","targetHints":{"allow":["GET"]}}],"collection":[{"href":"https:\/\/zsp.wegrow.pl\/index.php\/wp-json\/wp\/v2\/posts"}],"about":[{"href":"https:\/\/zsp.wegrow.pl\/index.php\/wp-json\/wp\/v2\/types\/post"}],"author":[{"embeddable":true,"href":"https:\/\/zsp.wegrow.pl\/index.php\/wp-json\/wp\/v2\/users\/1"}],"replies":[{"embeddable":true,"href":"https:\/\/zsp.wegrow.pl\/index.php\/wp-json\/wp\/v2\/comments?post=12612"}],"version-history":[{"count":1,"href":"https:\/\/zsp.wegrow.pl\/index.php\/wp-json\/wp\/v2\/posts\/12612\/revisions"}],"predecessor-version":[{"id":12635,"href":"https:\/\/zsp.wegrow.pl\/index.php\/wp-json\/wp\/v2\/posts\/12612\/revisions\/12635"}],"wp:featuredmedia":[{"embeddable":true,"href":"https:\/\/zsp.wegrow.pl\/index.php\/wp-json\/wp\/v2\/media\/12634"}],"wp:attachment":[{"href":"https:\/\/zsp.wegrow.pl\/index.php\/wp-json\/wp\/v2\/media?parent=12612"}],"wp:term":[{"taxonomy":"category","embeddable":true,"href":"https:\/\/zsp.wegrow.pl\/index.php\/wp-json\/wp\/v2\/categories?post=12612"},{"taxonomy":"post_tag","embeddable":true,"href":"https:\/\/zsp.wegrow.pl\/index.php\/wp-json\/wp\/v2\/tags?post=12612"}],"curies":[{"name":"wp","href":"https:\/\/api.w.org\/{rel}","templated":true}]}}