{"id":12636,"date":"2023-10-13T16:46:54","date_gmt":"2023-10-13T14:46:54","guid":{"rendered":"https:\/\/zsp.wegrow.pl\/?p=12636"},"modified":"2024-08-31T13:53:49","modified_gmt":"2024-08-31T11:53:49","slug":"konferencja-podsumowujaca-projekt-pn-zdrowa-aktywna-i-swiadoma-kobieta-w-powiecie-wegrowskim","status":"publish","type":"post","link":"https:\/\/zsp.wegrow.pl\/index.php\/2023\/10\/13\/konferencja-podsumowujaca-projekt-pn-zdrowa-aktywna-i-swiadoma-kobieta-w-powiecie-wegrowskim\/","title":{"rendered":"Konferencja podsumowuj\u0105ca projekt pn. Zdrowa, aktywna i \u015bwiadoma kobieta w powiecie w\u0119growskim"},"content":{"rendered":"\n<p class=\"has-text-align-justify\">12 pa\u017adziernika odby\u0142a si\u0119 konferencja podsumowuj\u0105ca projekt pn. Zdrowa, aktywna i \u015bwiadoma kobieta w powiecie w\u0119growskim. Projekt mia\u0142 na celu promocj\u0119 zdrowego trybu \u017cycia, zwi\u0119kszenie wiedzy kobiet oraz pokazanie jak wa\u017cna w dzisiejszych czasach jest profilaktyka zdrowia.<br>W spotkaniu, kt\u00f3re odby\u0142o si\u0119 w I Liceum Og\u00f3lnokszta\u0142c\u0105cym im. Adama Mickiewicza w W\u0119growie, uczestniczy\u0142y uczennice II Liceum Og\u00f3lnokszta\u0142c\u0105cego z Zespo\u0142u Szk\u00f3\u0142 Ponadpodstawowych im. Jana Kochanowskiego w W\u0119growie wraz z opiekunami \u2013 z p. Edyt\u0105 Kozie\u0142, p. Magdalen\u0105 Ceglarsk\u0105 &#8211; Kowal i p. Monik\u0105 Krasnod\u0119bsk\u0105.<br>Dyrektor SPZOZ w W\u0119growie z pracownikami przeprowadzi\u0142 wyk\u0142ady po\u0142\u0105czone z zaj\u0119ciami praktycznymi. Podczas spotkania specjali\u015bci om\u00f3wili zagadnienia dotycz\u0105ce profilaktyki w \u017cyciu kobiety, depresji, uzale\u017cnie\u0144 oraz prawid\u0142owych nawyk\u00f3w \u017cywieniowych.<br>Dzi\u0119kujemy organizatorom i tw\u00f3rcom projektu za mo\u017cliwo\u015b\u0107 udzia\u0142u uczennic naszej szko\u0142y w wyk\u0142adach dotycz\u0105cych bardzo trudnych i wa\u017cnych temat\u00f3w.<br>Dzi\u0119kujemy uczennicom naszej szko\u0142y za udzia\u0142 w tej konferencji, to dzi\u0119ki takim inicjatywom mo\u017cna przyczynia\u0107 si\u0119 do zdrowszej i bardziej \u015bwiadomej spo\u0142eczno\u015bci. Mamy nadziej\u0119, \u017ce informacje przekazane przez prelegent\u00f3w b\u0119d\u0105 drogowskazem w jaki spos\u00f3b zadba\u0107 o zdrowie swoje i najbli\u017cszych.<\/p>\n\n\n\nngg_shortcode_0_placeholder\n","protected":false},"excerpt":{"rendered":"<p>12 pa\u017adziernika odby\u0142a si\u0119 konferencja podsumowuj\u0105ca projekt pn. Zdrowa, aktywna i \u015bwiadoma kobieta w powiecie w\u0119growskim. Projekt mia\u0142 na celu promocj\u0119 zdrowego trybu \u017cycia, zwi\u0119kszenie wiedzy kobiet oraz pokazanie jak wa\u017cna w dzisiejszych czasach jest<\/p>\n","protected":false},"author":1,"featured_media":12657,"comment_status":"closed","ping_status":"closed","sticky":false,"template":"","format":"standard","meta":{"ngg_post_thumbnail":0,"_themeisle_gutenberg_block_has_review":false,"jetpack_post_was_ever_published":false,"_jetpack_newsletter_access":"","_jetpack_dont_email_post_to_subs":false,"_jetpack_newsletter_tier_id":0,"_jetpack_memberships_contains_paywalled_content":false,"_jetpack_memberships_contains_paid_content":false,"footnotes":"","jetpack_publicize_message":"","jetpack_publicize_feature_enabled":true,"jetpack_social_post_already_shared":true,"jetpack_social_options":{"image_generator_settings":{"template":"highway","default_image_id":0,"font":"","enabled":false},"version":2}},"categories":[67],"tags":[],"class_list":["post-12636","post","type-post","status-publish","format-standard","has-post-thumbnail","hentry","category-konferencje"],"jetpack_publicize_connections":[],"jetpack_featured_media_url":"https:\/\/i0.wp.com\/zsp.wegrow.pl\/wp-content\/uploads\/2023\/10\/01_wyr-2.jpg?fit=850%2C385&ssl=1","jetpack_sharing_enabled":true,"jetpack_shortlink":"https:\/\/wp.me\/paT2nI-3hO","_links":{"self":[{"href":"https:\/\/zsp.wegrow.pl\/index.php\/wp-json\/wp\/v2\/posts\/12636","targetHints":{"allow":["GET"]}}],"collection":[{"href":"https:\/\/zsp.wegrow.pl\/index.php\/wp-json\/wp\/v2\/posts"}],"about":[{"href":"https:\/\/zsp.wegrow.pl\/index.php\/wp-json\/wp\/v2\/types\/post"}],"author":[{"embeddable":true,"href":"https:\/\/zsp.wegrow.pl\/index.php\/wp-json\/wp\/v2\/users\/1"}],"replies":[{"embeddable":true,"href":"https:\/\/zsp.wegrow.pl\/index.php\/wp-json\/wp\/v2\/comments?post=12636"}],"version-history":[{"count":1,"href":"https:\/\/zsp.wegrow.pl\/index.php\/wp-json\/wp\/v2\/posts\/12636\/revisions"}],"predecessor-version":[{"id":12658,"href":"https:\/\/zsp.wegrow.pl\/index.php\/wp-json\/wp\/v2\/posts\/12636\/revisions\/12658"}],"wp:featuredmedia":[{"embeddable":true,"href":"https:\/\/zsp.wegrow.pl\/index.php\/wp-json\/wp\/v2\/media\/12657"}],"wp:attachment":[{"href":"https:\/\/zsp.wegrow.pl\/index.php\/wp-json\/wp\/v2\/media?parent=12636"}],"wp:term":[{"taxonomy":"category","embeddable":true,"href":"https:\/\/zsp.wegrow.pl\/index.php\/wp-json\/wp\/v2\/categories?post=12636"},{"taxonomy":"post_tag","embeddable":true,"href":"https:\/\/zsp.wegrow.pl\/index.php\/wp-json\/wp\/v2\/tags?post=12636"}],"curies":[{"name":"wp","href":"https:\/\/api.w.org\/{rel}","templated":true}]}}