{"id":12743,"date":"2023-10-23T10:39:39","date_gmt":"2023-10-23T08:39:39","guid":{"rendered":"https:\/\/zsp.wegrow.pl\/?p=12743"},"modified":"2024-08-31T13:52:53","modified_gmt":"2024-08-31T11:52:53","slug":"14-pazdziernika-dzien-edukacji-narodowej-3","status":"publish","type":"post","link":"https:\/\/zsp.wegrow.pl\/index.php\/2023\/10\/23\/14-pazdziernika-dzien-edukacji-narodowej-3\/","title":{"rendered":"14 pa\u017adziernika \u2013 Dzie\u0144 Edukacji Narodowej"},"content":{"rendered":"\n<p class=\"has-text-align-justify\">W tym roku Dzie\u0144 Edukacji Narodowej obchodzony 14 pa\u017adziernika to szczeg\u00f3lna data, poniewa\u017c to 250. rocznica utworzenia Komisji Edukacji Narodowej. Dzie\u0144 Edukacji Narodowej to okazja do wyra\u017cenia wdzi\u0119czno\u015bci za wysi\u0142ek w\u0142o\u017cony w wychowanie i wielkie serce na rzecz pracy z m\u0142odzie\u017c\u0105.<br>Pani Joanna Go\u0142\u0119biewska-Kokoszka, p.o. dyrektora, wr\u0119czaj\u0105c nagrody dla nauczycieli i pracownik\u00f3w podzi\u0119kowa\u0142a za zaanga\u017cowanie, pogratulowa\u0142a i \u017cyczy\u0142a wszystkim z okazji Dnia Edukacji Narodowej wielu sukces\u00f3w, kt\u00f3re b\u0119d\u0105 powodem satysfakcji, spe\u0142nienia zawodowego, rado\u015bci w ka\u017cdym dniu pracy, wszelkiej pomy\u015blno\u015bci oraz poczucia wa\u017cno\u015bci wykonywanego zawodu, wzajemnego szacunku, zgody oraz wielu si\u0142 i zdrowia.<br>Apel z okazji Dnia Edukacji Narodowej przygotowali uczniowie Zespo\u0142u Szk\u00f3\u0142 Ponadpodstawowych im. Jana Kochanowskiego w W\u0119growie \u2013 Martyna Wice\u0144ciak (3Loo), Dominika Myrcha (2ek), Kacper K\u0105kol (2Lom), Rogala Kacper (2Lom) .<br>Spotkanie u\u015bwietniono koncertem piosenek przygotowanym przez Mart\u0119 Gawor (4i).<br>Serdeczne podzi\u0119kowania dla nauczycieli: pani El\u017cbiety Topoli\u0144skiej, pani Edyty Kozie\u0142, pani Magdaleny Ceglarskiej-Kowal, pani Moniki Krasnod\u0119bskiej, pana Mariana Pacz\u00f3skiego oraz pani Doroty Borys wraz z pracownikami za przygotowanie spotkania z okazji Dnia Edukacji Narodowej.<br><br>Foto: Wiktoria Poniatowska (4 LOom)<\/p>\n\n\n\nngg_shortcode_0_placeholder\n","protected":false},"excerpt":{"rendered":"<p>W tym roku Dzie\u0144 Edukacji Narodowej obchodzony 14 pa\u017adziernika to szczeg\u00f3lna data, poniewa\u017c to 250. rocznica utworzenia Komisji Edukacji Narodowej. Dzie\u0144 Edukacji Narodowej to okazja do wyra\u017cenia wdzi\u0119czno\u015bci za wysi\u0142ek w\u0142o\u017cony w wychowanie i wielkie<\/p>\n","protected":false},"author":1,"featured_media":12771,"comment_status":"closed","ping_status":"closed","sticky":false,"template":"","format":"standard","meta":{"ngg_post_thumbnail":0,"_themeisle_gutenberg_block_has_review":false,"jetpack_post_was_ever_published":false,"_jetpack_newsletter_access":"","_jetpack_dont_email_post_to_subs":false,"_jetpack_newsletter_tier_id":0,"_jetpack_memberships_contains_paywalled_content":false,"_jetpack_memberships_contains_paid_content":false,"footnotes":"","jetpack_publicize_message":"","jetpack_publicize_feature_enabled":true,"jetpack_social_post_already_shared":true,"jetpack_social_options":{"image_generator_settings":{"template":"highway","default_image_id":0,"font":"","enabled":false},"version":2}},"categories":[53,38],"tags":[],"class_list":["post-12743","post","type-post","status-publish","format-standard","has-post-thumbnail","hentry","category-rocznice","category-uroczystosci"],"jetpack_publicize_connections":[],"jetpack_featured_media_url":"https:\/\/i0.wp.com\/zsp.wegrow.pl\/wp-content\/uploads\/2023\/10\/01_wyr-7.jpg?fit=850%2C507&ssl=1","jetpack_sharing_enabled":true,"jetpack_shortlink":"https:\/\/wp.me\/paT2nI-3jx","_links":{"self":[{"href":"https:\/\/zsp.wegrow.pl\/index.php\/wp-json\/wp\/v2\/posts\/12743","targetHints":{"allow":["GET"]}}],"collection":[{"href":"https:\/\/zsp.wegrow.pl\/index.php\/wp-json\/wp\/v2\/posts"}],"about":[{"href":"https:\/\/zsp.wegrow.pl\/index.php\/wp-json\/wp\/v2\/types\/post"}],"author":[{"embeddable":true,"href":"https:\/\/zsp.wegrow.pl\/index.php\/wp-json\/wp\/v2\/users\/1"}],"replies":[{"embeddable":true,"href":"https:\/\/zsp.wegrow.pl\/index.php\/wp-json\/wp\/v2\/comments?post=12743"}],"version-history":[{"count":1,"href":"https:\/\/zsp.wegrow.pl\/index.php\/wp-json\/wp\/v2\/posts\/12743\/revisions"}],"predecessor-version":[{"id":12772,"href":"https:\/\/zsp.wegrow.pl\/index.php\/wp-json\/wp\/v2\/posts\/12743\/revisions\/12772"}],"wp:featuredmedia":[{"embeddable":true,"href":"https:\/\/zsp.wegrow.pl\/index.php\/wp-json\/wp\/v2\/media\/12771"}],"wp:attachment":[{"href":"https:\/\/zsp.wegrow.pl\/index.php\/wp-json\/wp\/v2\/media?parent=12743"}],"wp:term":[{"taxonomy":"category","embeddable":true,"href":"https:\/\/zsp.wegrow.pl\/index.php\/wp-json\/wp\/v2\/categories?post=12743"},{"taxonomy":"post_tag","embeddable":true,"href":"https:\/\/zsp.wegrow.pl\/index.php\/wp-json\/wp\/v2\/tags?post=12743"}],"curies":[{"name":"wp","href":"https:\/\/api.w.org\/{rel}","templated":true}]}}