{"id":12856,"date":"2023-10-30T09:46:06","date_gmt":"2023-10-30T08:46:06","guid":{"rendered":"https:\/\/zsp.wegrow.pl\/?p=12856"},"modified":"2024-08-31T13:52:04","modified_gmt":"2024-08-31T11:52:04","slug":"pamieci-zolnierzy","status":"publish","type":"post","link":"https:\/\/zsp.wegrow.pl\/index.php\/2023\/10\/30\/pamieci-zolnierzy\/","title":{"rendered":"Pami\u0119ci \u017bo\u0142nierzy"},"content":{"rendered":"\n<p class=\"has-text-align-justify\">26 pa\u017adziernika br. uczniowie klasy pierwszej \u2013 oddzia\u0142u przygotowania wojskowego II Liceum Og\u00f3lnokszta\u0142c\u0105cego oddali ho\u0142d \u017co\u0142nierzom, kt\u00f3rzy zgin\u0119li w walce o wyzwolenie kraju oraz zapalili znicze na ich grobach, na w\u0119growskim cmentarzu. <br>Opiek\u0119 nad uczniami sprawowali: pan Hubert Rybak oraz pani Anna Pierzchanowska-Rosa.<\/p>\n\n\n\n<figure class=\"wp-block-gallery has-nested-images columns-2 is-cropped wp-block-gallery-1 is-layout-flex wp-block-gallery-is-layout-flex\">\n<figure class=\"wp-block-image size-large\"><a href=\"https:\/\/i0.wp.com\/zsp.wegrow.pl\/wp-content\/uploads\/2023\/10\/01-17.jpg?ssl=1\"><img data-recalc-dims=\"1\" fetchpriority=\"high\" decoding=\"async\" width=\"840\" height=\"630\" data-id=\"12857\" src=\"https:\/\/i0.wp.com\/zsp.wegrow.pl\/wp-content\/uploads\/2023\/10\/01-17.jpg?resize=840%2C630&#038;ssl=1\" alt=\"\" class=\"wp-image-12857\" srcset=\"https:\/\/i0.wp.com\/zsp.wegrow.pl\/wp-content\/uploads\/2023\/10\/01-17.jpg?resize=1024%2C768&amp;ssl=1 1024w, https:\/\/i0.wp.com\/zsp.wegrow.pl\/wp-content\/uploads\/2023\/10\/01-17.jpg?resize=300%2C225&amp;ssl=1 300w, https:\/\/i0.wp.com\/zsp.wegrow.pl\/wp-content\/uploads\/2023\/10\/01-17.jpg?resize=150%2C113&amp;ssl=1 150w, https:\/\/i0.wp.com\/zsp.wegrow.pl\/wp-content\/uploads\/2023\/10\/01-17.jpg?resize=768%2C576&amp;ssl=1 768w, https:\/\/i0.wp.com\/zsp.wegrow.pl\/wp-content\/uploads\/2023\/10\/01-17.jpg?resize=1536%2C1152&amp;ssl=1 1536w, https:\/\/i0.wp.com\/zsp.wegrow.pl\/wp-content\/uploads\/2023\/10\/01-17.jpg?resize=840%2C630&amp;ssl=1 840w, https:\/\/i0.wp.com\/zsp.wegrow.pl\/wp-content\/uploads\/2023\/10\/01-17.jpg?resize=440%2C330&amp;ssl=1 440w, https:\/\/i0.wp.com\/zsp.wegrow.pl\/wp-content\/uploads\/2023\/10\/01-17.jpg?resize=24%2C18&amp;ssl=1 24w, https:\/\/i0.wp.com\/zsp.wegrow.pl\/wp-content\/uploads\/2023\/10\/01-17.jpg?resize=36%2C27&amp;ssl=1 36w, https:\/\/i0.wp.com\/zsp.wegrow.pl\/wp-content\/uploads\/2023\/10\/01-17.jpg?resize=48%2C36&amp;ssl=1 48w, https:\/\/i0.wp.com\/zsp.wegrow.pl\/wp-content\/uploads\/2023\/10\/01-17.jpg?w=2000&amp;ssl=1 2000w, https:\/\/i0.wp.com\/zsp.wegrow.pl\/wp-content\/uploads\/2023\/10\/01-17.jpg?w=1680&amp;ssl=1 1680w\" sizes=\"(max-width: 840px) 100vw, 840px\" \/><\/a><\/figure>\n\n\n\n<figure class=\"wp-block-image size-large\"><a href=\"https:\/\/i0.wp.com\/zsp.wegrow.pl\/wp-content\/uploads\/2023\/10\/02-17.jpg?ssl=1\"><img data-recalc-dims=\"1\" decoding=\"async\" width=\"840\" height=\"632\" data-id=\"12858\" src=\"https:\/\/i0.wp.com\/zsp.wegrow.pl\/wp-content\/uploads\/2023\/10\/02-17.jpg?resize=840%2C632&#038;ssl=1\" alt=\"\" class=\"wp-image-12858\" srcset=\"https:\/\/i0.wp.com\/zsp.wegrow.pl\/wp-content\/uploads\/2023\/10\/02-17.jpg?resize=1024%2C771&amp;ssl=1 1024w, https:\/\/i0.wp.com\/zsp.wegrow.pl\/wp-content\/uploads\/2023\/10\/02-17.jpg?resize=300%2C226&amp;ssl=1 300w, https:\/\/i0.wp.com\/zsp.wegrow.pl\/wp-content\/uploads\/2023\/10\/02-17.jpg?resize=150%2C113&amp;ssl=1 150w, https:\/\/i0.wp.com\/zsp.wegrow.pl\/wp-content\/uploads\/2023\/10\/02-17.jpg?resize=768%2C578&amp;ssl=1 768w, https:\/\/i0.wp.com\/zsp.wegrow.pl\/wp-content\/uploads\/2023\/10\/02-17.jpg?resize=1536%2C1157&amp;ssl=1 1536w, https:\/\/i0.wp.com\/zsp.wegrow.pl\/wp-content\/uploads\/2023\/10\/02-17.jpg?resize=440%2C330&amp;ssl=1 440w, https:\/\/i0.wp.com\/zsp.wegrow.pl\/wp-content\/uploads\/2023\/10\/02-17.jpg?resize=24%2C18&amp;ssl=1 24w, https:\/\/i0.wp.com\/zsp.wegrow.pl\/wp-content\/uploads\/2023\/10\/02-17.jpg?resize=36%2C27&amp;ssl=1 36w, https:\/\/i0.wp.com\/zsp.wegrow.pl\/wp-content\/uploads\/2023\/10\/02-17.jpg?resize=48%2C36&amp;ssl=1 48w, https:\/\/i0.wp.com\/zsp.wegrow.pl\/wp-content\/uploads\/2023\/10\/02-17.jpg?w=2048&amp;ssl=1 2048w, https:\/\/i0.wp.com\/zsp.wegrow.pl\/wp-content\/uploads\/2023\/10\/02-17.jpg?w=1680&amp;ssl=1 1680w\" sizes=\"(max-width: 840px) 100vw, 840px\" \/><\/a><\/figure>\n\n\n\n<figure class=\"wp-block-image size-large\"><a href=\"https:\/\/i0.wp.com\/zsp.wegrow.pl\/wp-content\/uploads\/2023\/10\/03-16.jpg?ssl=1\"><img data-recalc-dims=\"1\" decoding=\"async\" width=\"771\" height=\"1024\" data-id=\"12859\" src=\"https:\/\/i0.wp.com\/zsp.wegrow.pl\/wp-content\/uploads\/2023\/10\/03-16.jpg?resize=771%2C1024&#038;ssl=1\" alt=\"\" class=\"wp-image-12859\" srcset=\"https:\/\/i0.wp.com\/zsp.wegrow.pl\/wp-content\/uploads\/2023\/10\/03-16.jpg?resize=771%2C1024&amp;ssl=1 771w, https:\/\/i0.wp.com\/zsp.wegrow.pl\/wp-content\/uploads\/2023\/10\/03-16.jpg?resize=226%2C300&amp;ssl=1 226w, https:\/\/i0.wp.com\/zsp.wegrow.pl\/wp-content\/uploads\/2023\/10\/03-16.jpg?resize=113%2C150&amp;ssl=1 113w, https:\/\/i0.wp.com\/zsp.wegrow.pl\/wp-content\/uploads\/2023\/10\/03-16.jpg?resize=768%2C1020&amp;ssl=1 768w, https:\/\/i0.wp.com\/zsp.wegrow.pl\/wp-content\/uploads\/2023\/10\/03-16.jpg?resize=1157%2C1536&amp;ssl=1 1157w, https:\/\/i0.wp.com\/zsp.wegrow.pl\/wp-content\/uploads\/2023\/10\/03-16.jpg?resize=18%2C24&amp;ssl=1 18w, https:\/\/i0.wp.com\/zsp.wegrow.pl\/wp-content\/uploads\/2023\/10\/03-16.jpg?resize=27%2C36&amp;ssl=1 27w, https:\/\/i0.wp.com\/zsp.wegrow.pl\/wp-content\/uploads\/2023\/10\/03-16.jpg?resize=36%2C48&amp;ssl=1 36w, https:\/\/i0.wp.com\/zsp.wegrow.pl\/wp-content\/uploads\/2023\/10\/03-16.jpg?w=1542&amp;ssl=1 1542w\" sizes=\"(max-width: 771px) 100vw, 771px\" \/><\/a><\/figure>\n<\/figure>\n","protected":false},"excerpt":{"rendered":"<p>26 pa\u017adziernika br. uczniowie klasy pierwszej \u2013 oddzia\u0142u przygotowania wojskowego II Liceum Og\u00f3lnokszta\u0142c\u0105cego oddali ho\u0142d \u017co\u0142nierzom, kt\u00f3rzy zgin\u0119li w walce o wyzwolenie kraju oraz zapalili znicze na ich grobach, na w\u0119growskim cmentarzu. Opiek\u0119 nad uczniami<\/p>\n","protected":false},"author":1,"featured_media":12860,"comment_status":"closed","ping_status":"closed","sticky":false,"template":"","format":"standard","meta":{"ngg_post_thumbnail":0,"_themeisle_gutenberg_block_has_review":false,"jetpack_post_was_ever_published":false,"_jetpack_newsletter_access":"","_jetpack_dont_email_post_to_subs":false,"_jetpack_newsletter_tier_id":0,"_jetpack_memberships_contains_paywalled_content":false,"_jetpack_memberships_contains_paid_content":false,"footnotes":"","jetpack_publicize_message":"","jetpack_publicize_feature_enabled":true,"jetpack_social_post_already_shared":true,"jetpack_social_options":{"image_generator_settings":{"template":"highway","default_image_id":0,"font":"","enabled":false},"version":2}},"categories":[64],"tags":[],"class_list":["post-12856","post","type-post","status-publish","format-standard","has-post-thumbnail","hentry","category-swieta"],"jetpack_publicize_connections":[],"jetpack_featured_media_url":"https:\/\/i0.wp.com\/zsp.wegrow.pl\/wp-content\/uploads\/2023\/10\/01_wyr-9.jpg?fit=850%2C499&ssl=1","jetpack_sharing_enabled":true,"jetpack_shortlink":"https:\/\/wp.me\/paT2nI-3lm","_links":{"self":[{"href":"https:\/\/zsp.wegrow.pl\/index.php\/wp-json\/wp\/v2\/posts\/12856","targetHints":{"allow":["GET"]}}],"collection":[{"href":"https:\/\/zsp.wegrow.pl\/index.php\/wp-json\/wp\/v2\/posts"}],"about":[{"href":"https:\/\/zsp.wegrow.pl\/index.php\/wp-json\/wp\/v2\/types\/post"}],"author":[{"embeddable":true,"href":"https:\/\/zsp.wegrow.pl\/index.php\/wp-json\/wp\/v2\/users\/1"}],"replies":[{"embeddable":true,"href":"https:\/\/zsp.wegrow.pl\/index.php\/wp-json\/wp\/v2\/comments?post=12856"}],"version-history":[{"count":1,"href":"https:\/\/zsp.wegrow.pl\/index.php\/wp-json\/wp\/v2\/posts\/12856\/revisions"}],"predecessor-version":[{"id":12861,"href":"https:\/\/zsp.wegrow.pl\/index.php\/wp-json\/wp\/v2\/posts\/12856\/revisions\/12861"}],"wp:featuredmedia":[{"embeddable":true,"href":"https:\/\/zsp.wegrow.pl\/index.php\/wp-json\/wp\/v2\/media\/12860"}],"wp:attachment":[{"href":"https:\/\/zsp.wegrow.pl\/index.php\/wp-json\/wp\/v2\/media?parent=12856"}],"wp:term":[{"taxonomy":"category","embeddable":true,"href":"https:\/\/zsp.wegrow.pl\/index.php\/wp-json\/wp\/v2\/categories?post=12856"},{"taxonomy":"post_tag","embeddable":true,"href":"https:\/\/zsp.wegrow.pl\/index.php\/wp-json\/wp\/v2\/tags?post=12856"}],"curies":[{"name":"wp","href":"https:\/\/api.w.org\/{rel}","templated":true}]}}