{"id":12862,"date":"2023-10-30T09:51:22","date_gmt":"2023-10-30T08:51:22","guid":{"rendered":"https:\/\/zsp.wegrow.pl\/?p=12862"},"modified":"2024-08-31T13:51:10","modified_gmt":"2024-08-31T11:51:10","slug":"obchody-160-rocznicy-powstania-styczniowego-pamieci-bohaterow-powstania-styczniowego","status":"publish","type":"post","link":"https:\/\/zsp.wegrow.pl\/index.php\/2023\/10\/30\/obchody-160-rocznicy-powstania-styczniowego-pamieci-bohaterow-powstania-styczniowego\/","title":{"rendered":"Obchody 160 rocznicy powstania styczniowego &#8211; \u201ePami\u0119ci bohater\u00f3w Powstania Styczniowego\u201d"},"content":{"rendered":"\n<p class=\"has-text-align-justify\">W niedziel\u0119 29 pa\u017adziernika, z inicjatywy w\u0142adz gminy Wierzbno oraz radnego powiatowego pana \u0141ukasza Komorowskiego we wsi Czerwonka w gminie Wierzbno odby\u0142a si\u0119 uroczysto\u015b\u0107 upami\u0119tniaj\u0105ca bohatersk\u0105 walk\u0119 oddzia\u0142u powsta\u0144c\u00f3w pod \u015awidnem. Uczennice klasy drugiej mundurowej II LO oraz grupa rekonstrukcyjna kosynier\u00f3w z klasy 3 em oraz 2 m Technikum uczestniczyli w uroczysto\u015bci ods\u0142oni\u0119cia Pomnika upami\u0119tniaj\u0105cego Bitw\u0119 pod \u015awidnem 29.10.1863 r. w Powiecie W\u0119growskim.<br>Od stycznia br. w\u0142adze, mieszka\u0144cy powiatu w\u0119growskiego oraz uczniowie Zespo\u0142u Szk\u00f3\u0142 Ponadpodstawowych im. Jana Kochanowskiego uroczy\u015bcie obchodz\u0105 160 rocznic\u0119 Powstania Styczniowego.<br>M\u0142odzie\u017c\u0105 w czasie uroczysto\u015bci opiekowa\u0142y si\u0119 panie: Brygida Str\u0105k i Joanna Go\u0142\u0119biewska-Kokoszka.<\/p>\n\n\n\nngg_shortcode_0_placeholder\n","protected":false},"excerpt":{"rendered":"<p>W niedziel\u0119 29 pa\u017adziernika, z inicjatywy w\u0142adz gminy Wierzbno oraz radnego powiatowego pana \u0141ukasza Komorowskiego we wsi Czerwonka w gminie Wierzbno odby\u0142a si\u0119 uroczysto\u015b\u0107 upami\u0119tniaj\u0105ca bohatersk\u0105 walk\u0119 oddzia\u0142u powsta\u0144c\u00f3w pod \u015awidnem. Uczennice klasy drugiej mundurowej<\/p>\n","protected":false},"author":1,"featured_media":12874,"comment_status":"closed","ping_status":"closed","sticky":false,"template":"","format":"standard","meta":{"ngg_post_thumbnail":0,"_themeisle_gutenberg_block_has_review":false,"jetpack_post_was_ever_published":false,"_jetpack_newsletter_access":"","_jetpack_dont_email_post_to_subs":false,"_jetpack_newsletter_tier_id":0,"_jetpack_memberships_contains_paywalled_content":false,"_jetpack_memberships_contains_paid_content":false,"footnotes":"","jetpack_publicize_message":"","jetpack_publicize_feature_enabled":true,"jetpack_social_post_already_shared":true,"jetpack_social_options":{"image_generator_settings":{"template":"highway","default_image_id":0,"font":"","enabled":false},"version":2}},"categories":[53],"tags":[],"class_list":["post-12862","post","type-post","status-publish","format-standard","has-post-thumbnail","hentry","category-rocznice"],"jetpack_publicize_connections":[],"jetpack_featured_media_url":"https:\/\/i0.wp.com\/zsp.wegrow.pl\/wp-content\/uploads\/2023\/10\/02_wyr-1.jpg?fit=850%2C517&ssl=1","jetpack_sharing_enabled":true,"jetpack_shortlink":"https:\/\/wp.me\/paT2nI-3ls","_links":{"self":[{"href":"https:\/\/zsp.wegrow.pl\/index.php\/wp-json\/wp\/v2\/posts\/12862","targetHints":{"allow":["GET"]}}],"collection":[{"href":"https:\/\/zsp.wegrow.pl\/index.php\/wp-json\/wp\/v2\/posts"}],"about":[{"href":"https:\/\/zsp.wegrow.pl\/index.php\/wp-json\/wp\/v2\/types\/post"}],"author":[{"embeddable":true,"href":"https:\/\/zsp.wegrow.pl\/index.php\/wp-json\/wp\/v2\/users\/1"}],"replies":[{"embeddable":true,"href":"https:\/\/zsp.wegrow.pl\/index.php\/wp-json\/wp\/v2\/comments?post=12862"}],"version-history":[{"count":1,"href":"https:\/\/zsp.wegrow.pl\/index.php\/wp-json\/wp\/v2\/posts\/12862\/revisions"}],"predecessor-version":[{"id":12875,"href":"https:\/\/zsp.wegrow.pl\/index.php\/wp-json\/wp\/v2\/posts\/12862\/revisions\/12875"}],"wp:featuredmedia":[{"embeddable":true,"href":"https:\/\/zsp.wegrow.pl\/index.php\/wp-json\/wp\/v2\/media\/12874"}],"wp:attachment":[{"href":"https:\/\/zsp.wegrow.pl\/index.php\/wp-json\/wp\/v2\/media?parent=12862"}],"wp:term":[{"taxonomy":"category","embeddable":true,"href":"https:\/\/zsp.wegrow.pl\/index.php\/wp-json\/wp\/v2\/categories?post=12862"},{"taxonomy":"post_tag","embeddable":true,"href":"https:\/\/zsp.wegrow.pl\/index.php\/wp-json\/wp\/v2\/tags?post=12862"}],"curies":[{"name":"wp","href":"https:\/\/api.w.org\/{rel}","templated":true}]}}