{"id":12953,"date":"2023-11-02T10:34:37","date_gmt":"2023-11-02T09:34:37","guid":{"rendered":"https:\/\/zsp.wegrow.pl\/?p=12953"},"modified":"2024-08-31T13:49:55","modified_gmt":"2024-08-31T11:49:55","slug":"kwesta-na-cmentarzu-w-wegrowie-31-x-2023","status":"publish","type":"post","link":"https:\/\/zsp.wegrow.pl\/index.php\/2023\/11\/02\/kwesta-na-cmentarzu-w-wegrowie-31-x-2023\/","title":{"rendered":"KWESTA NA CMENTARZU W W\u0118GROWIE \u2013 31 X 2023"},"content":{"rendered":"\n<p class=\"has-text-align-justify\">Uczniowie Zespo\u0142u Szk\u00f3\u0142 Ponadpodstawowych im. J. Kochanowskiego po raz pi\u0119tnasty kwestowali na cmentarzu rzymskokatolickim w W\u0119growie. Coroczna kwesta organizowana przez Towarzystwo Mi\u0142o\u015bnik\u00f3w Ziemi W\u0119growskiej wspierana jest przez nasz\u0105 szko\u0142\u0119.<br>Celem zbi\u00f3rki jest renowacja zabytkowych nagrobk\u00f3w na cmentarzu parafialnym W\u0119growa.<br>Dzi\u0119kujemy zaanga\u017cowanym uczniom za godn\u0105 postaw\u0119:<br><br>Klasa III Lom<br>Daniel Pietrasik<br>Mateusz Polkowski<br>Julia \u0141adosz<br>Adam Owsianka<br>Kamil Zalewski<br>Bartosz Marchlik<br>Patrycja Zawi\u015blak<br>Zuzanna Smolarska<br>Gabriela Owsianka<br>Mateusz Mazurek<br>Wiktoria Tyburczy<br><br>Klasa 2 Lom<br>Izabela Parys<br>Zuzanna Brzoza<br>Kacper Rogala<br>Kacper K\u0105kol<br>Izabela Go\u0142\u0119biewska<br><br>Klasa 3 em<br>Marcin Bala<br>Patryk Niszcz<br>\u0141ukasz W\u0105sowski<br>Jakub Kijewski<br>Kacper Harasim<br>Adrian Kowalczyk<br>Mateusz Gorczyca<br>Bart\u0142omiej Gryglas<br>Sebastian Puchalski<br>Oliwier Wierzcho\u0142owski<br><br>Klasa 4 i<br>Mateusz Boguszewski<br>Dominik Delegacz<br>Marcin Bagi\u0144ski<br>Micha\u0142 Pachnik<br>Dawid Wiel\u0105dek<br><br>Dzi\u0119kujemy r\u00f3wnie\u017c nauczycielom naszej szko\u0142y, kt\u00f3rzy sprawowali opiek\u0119 nad uczniami podczas kwestowania oraz przyczynili si\u0119 do wzorowej organizacji akcji: p. Edycie Kozie\u0142, p. Jolancie Go\u0142o\u015b, p. Joannie Skibie, p. Magdalenie Ceglarskiej &#8211; Kowal, p. Joannie Go\u0142\u0119biewskiej &#8211; Kokoszka.<\/p>\n\n\n\nngg_shortcode_0_placeholder\n","protected":false},"excerpt":{"rendered":"<p>Uczniowie Zespo\u0142u Szk\u00f3\u0142 Ponadpodstawowych im. J. Kochanowskiego po raz pi\u0119tnasty kwestowali na cmentarzu rzymskokatolickim w W\u0119growie. Coroczna kwesta organizowana przez Towarzystwo Mi\u0142o\u015bnik\u00f3w Ziemi W\u0119growskiej wspierana jest przez nasz\u0105 szko\u0142\u0119.Celem zbi\u00f3rki jest renowacja zabytkowych nagrobk\u00f3w na<\/p>\n","protected":false},"author":1,"featured_media":12979,"comment_status":"closed","ping_status":"closed","sticky":false,"template":"","format":"standard","meta":{"ngg_post_thumbnail":0,"_themeisle_gutenberg_block_has_review":false,"jetpack_post_was_ever_published":false,"_jetpack_newsletter_access":"","_jetpack_dont_email_post_to_subs":false,"_jetpack_newsletter_tier_id":0,"_jetpack_memberships_contains_paywalled_content":false,"_jetpack_memberships_contains_paid_content":false,"footnotes":"","jetpack_publicize_message":"","jetpack_publicize_feature_enabled":true,"jetpack_social_post_already_shared":true,"jetpack_social_options":{"image_generator_settings":{"template":"highway","default_image_id":0,"font":"","enabled":false},"version":2}},"categories":[35],"tags":[],"class_list":["post-12953","post","type-post","status-publish","format-standard","has-post-thumbnail","hentry","category-akcje-charytatywne"],"jetpack_publicize_connections":[],"jetpack_featured_media_url":"https:\/\/i0.wp.com\/zsp.wegrow.pl\/wp-content\/uploads\/2023\/11\/05_wyr-1.jpg?fit=850%2C654&ssl=1","jetpack_sharing_enabled":true,"jetpack_shortlink":"https:\/\/wp.me\/paT2nI-3mV","_links":{"self":[{"href":"https:\/\/zsp.wegrow.pl\/index.php\/wp-json\/wp\/v2\/posts\/12953","targetHints":{"allow":["GET"]}}],"collection":[{"href":"https:\/\/zsp.wegrow.pl\/index.php\/wp-json\/wp\/v2\/posts"}],"about":[{"href":"https:\/\/zsp.wegrow.pl\/index.php\/wp-json\/wp\/v2\/types\/post"}],"author":[{"embeddable":true,"href":"https:\/\/zsp.wegrow.pl\/index.php\/wp-json\/wp\/v2\/users\/1"}],"replies":[{"embeddable":true,"href":"https:\/\/zsp.wegrow.pl\/index.php\/wp-json\/wp\/v2\/comments?post=12953"}],"version-history":[{"count":1,"href":"https:\/\/zsp.wegrow.pl\/index.php\/wp-json\/wp\/v2\/posts\/12953\/revisions"}],"predecessor-version":[{"id":12980,"href":"https:\/\/zsp.wegrow.pl\/index.php\/wp-json\/wp\/v2\/posts\/12953\/revisions\/12980"}],"wp:featuredmedia":[{"embeddable":true,"href":"https:\/\/zsp.wegrow.pl\/index.php\/wp-json\/wp\/v2\/media\/12979"}],"wp:attachment":[{"href":"https:\/\/zsp.wegrow.pl\/index.php\/wp-json\/wp\/v2\/media?parent=12953"}],"wp:term":[{"taxonomy":"category","embeddable":true,"href":"https:\/\/zsp.wegrow.pl\/index.php\/wp-json\/wp\/v2\/categories?post=12953"},{"taxonomy":"post_tag","embeddable":true,"href":"https:\/\/zsp.wegrow.pl\/index.php\/wp-json\/wp\/v2\/tags?post=12953"}],"curies":[{"name":"wp","href":"https:\/\/api.w.org\/{rel}","templated":true}]}}