{"id":13459,"date":"2023-11-21T12:11:54","date_gmt":"2023-11-21T11:11:54","guid":{"rendered":"https:\/\/zsp.wegrow.pl\/?p=13459"},"modified":"2024-08-31T13:25:11","modified_gmt":"2024-08-31T11:25:11","slug":"obchody-105-rocznicy-odzyskania-niepodleglosci","status":"publish","type":"post","link":"https:\/\/zsp.wegrow.pl\/index.php\/2023\/11\/21\/obchody-105-rocznicy-odzyskania-niepodleglosci\/","title":{"rendered":"Obchody 105. rocznicy odzyskania niepodleg\u0142o\u015bci"},"content":{"rendered":"\n<p class=\"has-drop-cap has-text-align-justify\">Uroczysto\u015bci zwi\u0105zane z obchodami \u015awi\u0119ta Niepodleg\u0142o\u015bci w Zespole Szk\u00f3\u0142 Ponadpodstawowych im. J. Kochanowskiego w W\u0119growie rozpocz\u0119\u0142y si\u0119 ju\u017c w pi\u0105tek, 10 listopada, z okazji 105. rocznicy odzyskania niepodleg\u0142o\u015bci przez Polsk\u0119. Tego dnia uczniowie uczestniczyli w apelu, kt\u00f3ry stanowi\u0142 swoist\u0105 lekcj\u0119 historii, ukazuj\u0105c\u0105 trudn\u0105 drog\u0119, jak\u0105 pokonali Polacy od utraty wolno\u015bci a\u017c do momentu odzyskania niepodleg\u0142o\u015bci 11 listopada 1918 roku.<br>Wyst\u0105pienie pana Andrzeja Brzezika, nauczyciela historii, przepleciono patriotycznymi wierszami i pie\u015bniami, oddaj\u0105cymi atmosfer\u0119 tamtych dni, czasem tragicznych, ale r\u00f3wnocze\u015bnie pe\u0142nych rado\u015bci, wiary i optymizmu.<br>Dzi\u0119kujemy uczennicom, kt\u00f3re bra\u0142y udzia\u0142 w akademii: Oliwii G\u00f3rskiej, Natalii Miesza\u0142o, Annie Wojty\u0144skiej, Weronice Ga\u0142eckiej, Julii \u0141adosz, Marcie Gawor, Kindze Malinowskiej i Justynie Suchockiej. Serdeczne podzi\u0119kowania nauczycielom zaanga\u017cowanym w przygotowanie uroczysto\u015bci: pani El\u017cbiecie Topoli\u0144skiej, panu Andrzejowi Brzezikowi, pani Magdalenie Ceglarskiej-Kowal, pani Edycie Kozie\u0142, pani Monice Krasnod\u0119bskiej, pani Agnieszce Szczepa\u0144skiej.<br><br>Foto:<br>Aleksandra G\u00f3recka<br>Aleksandra Pawlak<\/p>\n\n\n\nngg_shortcode_0_placeholder\n","protected":false},"excerpt":{"rendered":"<p>Uroczysto\u015bci zwi\u0105zane z obchodami \u015awi\u0119ta Niepodleg\u0142o\u015bci w Zespole Szk\u00f3\u0142 Ponadpodstawowych im. J. Kochanowskiego w W\u0119growie rozpocz\u0119\u0142y si\u0119 ju\u017c w pi\u0105tek, 10 listopada, z okazji 105. rocznicy odzyskania niepodleg\u0142o\u015bci przez Polsk\u0119. Tego dnia uczniowie uczestniczyli w<\/p>\n","protected":false},"author":1,"featured_media":13481,"comment_status":"closed","ping_status":"closed","sticky":false,"template":"","format":"standard","meta":{"ngg_post_thumbnail":0,"_themeisle_gutenberg_block_has_review":false,"jetpack_post_was_ever_published":false,"_jetpack_newsletter_access":"","_jetpack_dont_email_post_to_subs":false,"_jetpack_newsletter_tier_id":0,"_jetpack_memberships_contains_paywalled_content":false,"_jetpack_memberships_contains_paid_content":false,"footnotes":"","jetpack_publicize_message":"","jetpack_publicize_feature_enabled":true,"jetpack_social_post_already_shared":true,"jetpack_social_options":{"image_generator_settings":{"template":"highway","default_image_id":0,"font":"","enabled":false},"version":2}},"categories":[53,38],"tags":[],"class_list":["post-13459","post","type-post","status-publish","format-standard","has-post-thumbnail","hentry","category-rocznice","category-uroczystosci"],"jetpack_publicize_connections":[],"jetpack_featured_media_url":"https:\/\/i0.wp.com\/zsp.wegrow.pl\/wp-content\/uploads\/2023\/11\/01_wyr-2.jpg?fit=850%2C469&ssl=1","jetpack_sharing_enabled":true,"jetpack_shortlink":"https:\/\/wp.me\/paT2nI-3v5","_links":{"self":[{"href":"https:\/\/zsp.wegrow.pl\/index.php\/wp-json\/wp\/v2\/posts\/13459","targetHints":{"allow":["GET"]}}],"collection":[{"href":"https:\/\/zsp.wegrow.pl\/index.php\/wp-json\/wp\/v2\/posts"}],"about":[{"href":"https:\/\/zsp.wegrow.pl\/index.php\/wp-json\/wp\/v2\/types\/post"}],"author":[{"embeddable":true,"href":"https:\/\/zsp.wegrow.pl\/index.php\/wp-json\/wp\/v2\/users\/1"}],"replies":[{"embeddable":true,"href":"https:\/\/zsp.wegrow.pl\/index.php\/wp-json\/wp\/v2\/comments?post=13459"}],"version-history":[{"count":2,"href":"https:\/\/zsp.wegrow.pl\/index.php\/wp-json\/wp\/v2\/posts\/13459\/revisions"}],"predecessor-version":[{"id":13484,"href":"https:\/\/zsp.wegrow.pl\/index.php\/wp-json\/wp\/v2\/posts\/13459\/revisions\/13484"}],"wp:featuredmedia":[{"embeddable":true,"href":"https:\/\/zsp.wegrow.pl\/index.php\/wp-json\/wp\/v2\/media\/13481"}],"wp:attachment":[{"href":"https:\/\/zsp.wegrow.pl\/index.php\/wp-json\/wp\/v2\/media?parent=13459"}],"wp:term":[{"taxonomy":"category","embeddable":true,"href":"https:\/\/zsp.wegrow.pl\/index.php\/wp-json\/wp\/v2\/categories?post=13459"},{"taxonomy":"post_tag","embeddable":true,"href":"https:\/\/zsp.wegrow.pl\/index.php\/wp-json\/wp\/v2\/tags?post=13459"}],"curies":[{"name":"wp","href":"https:\/\/api.w.org\/{rel}","templated":true}]}}