{"id":13690,"date":"2023-12-13T08:31:13","date_gmt":"2023-12-13T07:31:13","guid":{"rendered":"https:\/\/zsp.wegrow.pl\/?p=13690"},"modified":"2024-08-31T13:24:00","modified_gmt":"2024-08-31T11:24:00","slug":"przekazanie-betlejemskiego-swiatla-pokoju","status":"publish","type":"post","link":"https:\/\/zsp.wegrow.pl\/index.php\/2023\/12\/13\/przekazanie-betlejemskiego-swiatla-pokoju\/","title":{"rendered":"Przekazanie Betlejemskiego \u015awiat\u0142a Pokoju"},"content":{"rendered":"\n<h3 class=\"wp-block-heading has-text-align-center\">&#8222;Czy\u0144my Pok\u00f3j!&#8221;<\/h3>\n\n\n\n<p class=\"has-text-align-justify\">12 grudnia w Zespole Szk\u00f3\u0142 Ponadpodstawowych im. Jana Kochanowskiego odby\u0142o si\u0119 uroczyste przekazanie Betlejemskiego \u015awiat\u0142a Pokoju przez Dru\u017cyny Harcerskie i Gromady Zuchowe. To wyj\u0105tkowo symboliczny gest, przypominaj\u0105cy o wa\u017cno\u015bci pokoju i jedno\u015bci w spo\u0142eczno\u015bci harcerskiej oraz spo\u0142ecze\u0144stwie jako ca\u0142o\u015bci.<br>\u015awiat\u0142o, pierwotnie przyj\u0119te w Zakopanem przez Hufiec ZHP Doliny Liwca im. hm. Edmunda Zarzyckiego, rozpocz\u0119\u0142o swoj\u0105 podr\u00f3\u017c, docieraj\u0105c r\u00f3wnie\u017c do W\u0119growa. Tegorocznemu wydarzeniu towarzyszy has\u0142o &#8222;Czy\u0144my Pok\u00f3j&#8221;.<br>Dzi\u0119kujemy.<br>Tekst i zdj\u0119cia: Aleksandra Bodzon.<\/p>\n\n\n\n<figure class=\"wp-block-gallery aligncenter has-nested-images columns-2 is-cropped wp-block-gallery-1 is-layout-flex wp-block-gallery-is-layout-flex\"><div class=\"wp-block-image\">\n<figure class=\"aligncenter size-large\"><a href=\"https:\/\/i0.wp.com\/zsp.wegrow.pl\/wp-content\/uploads\/2023\/12\/01-4.jpg?ssl=1\"><img data-recalc-dims=\"1\" fetchpriority=\"high\" decoding=\"async\" width=\"840\" height=\"536\" data-id=\"13691\" src=\"https:\/\/i0.wp.com\/zsp.wegrow.pl\/wp-content\/uploads\/2023\/12\/01-4.jpg?resize=840%2C536&#038;ssl=1\" alt=\"\" class=\"wp-image-13691\" srcset=\"https:\/\/i0.wp.com\/zsp.wegrow.pl\/wp-content\/uploads\/2023\/12\/01-4.jpg?resize=1024%2C654&amp;ssl=1 1024w, https:\/\/i0.wp.com\/zsp.wegrow.pl\/wp-content\/uploads\/2023\/12\/01-4.jpg?resize=300%2C191&amp;ssl=1 300w, https:\/\/i0.wp.com\/zsp.wegrow.pl\/wp-content\/uploads\/2023\/12\/01-4.jpg?resize=150%2C96&amp;ssl=1 150w, https:\/\/i0.wp.com\/zsp.wegrow.pl\/wp-content\/uploads\/2023\/12\/01-4.jpg?resize=768%2C490&amp;ssl=1 768w, https:\/\/i0.wp.com\/zsp.wegrow.pl\/wp-content\/uploads\/2023\/12\/01-4.jpg?resize=1536%2C980&amp;ssl=1 1536w, https:\/\/i0.wp.com\/zsp.wegrow.pl\/wp-content\/uploads\/2023\/12\/01-4.jpg?resize=24%2C15&amp;ssl=1 24w, https:\/\/i0.wp.com\/zsp.wegrow.pl\/wp-content\/uploads\/2023\/12\/01-4.jpg?resize=36%2C23&amp;ssl=1 36w, https:\/\/i0.wp.com\/zsp.wegrow.pl\/wp-content\/uploads\/2023\/12\/01-4.jpg?resize=48%2C31&amp;ssl=1 48w, https:\/\/i0.wp.com\/zsp.wegrow.pl\/wp-content\/uploads\/2023\/12\/01-4.jpg?w=2048&amp;ssl=1 2048w, https:\/\/i0.wp.com\/zsp.wegrow.pl\/wp-content\/uploads\/2023\/12\/01-4.jpg?w=1680&amp;ssl=1 1680w\" sizes=\"(max-width: 840px) 100vw, 840px\" \/><\/a><\/figure>\n<\/div>\n\n\n<figure class=\"wp-block-image size-large\"><a href=\"https:\/\/i0.wp.com\/zsp.wegrow.pl\/wp-content\/uploads\/2023\/12\/02-4.jpg?ssl=1\"><img data-recalc-dims=\"1\" decoding=\"async\" width=\"768\" height=\"1024\" data-id=\"13692\" src=\"https:\/\/i0.wp.com\/zsp.wegrow.pl\/wp-content\/uploads\/2023\/12\/02-4.jpg?resize=768%2C1024&#038;ssl=1\" alt=\"\" class=\"wp-image-13692\" srcset=\"https:\/\/i0.wp.com\/zsp.wegrow.pl\/wp-content\/uploads\/2023\/12\/02-4.jpg?resize=768%2C1024&amp;ssl=1 768w, https:\/\/i0.wp.com\/zsp.wegrow.pl\/wp-content\/uploads\/2023\/12\/02-4.jpg?resize=225%2C300&amp;ssl=1 225w, https:\/\/i0.wp.com\/zsp.wegrow.pl\/wp-content\/uploads\/2023\/12\/02-4.jpg?resize=113%2C150&amp;ssl=1 113w, https:\/\/i0.wp.com\/zsp.wegrow.pl\/wp-content\/uploads\/2023\/12\/02-4.jpg?resize=1152%2C1536&amp;ssl=1 1152w, https:\/\/i0.wp.com\/zsp.wegrow.pl\/wp-content\/uploads\/2023\/12\/02-4.jpg?resize=18%2C24&amp;ssl=1 18w, https:\/\/i0.wp.com\/zsp.wegrow.pl\/wp-content\/uploads\/2023\/12\/02-4.jpg?resize=27%2C36&amp;ssl=1 27w, https:\/\/i0.wp.com\/zsp.wegrow.pl\/wp-content\/uploads\/2023\/12\/02-4.jpg?resize=36%2C48&amp;ssl=1 36w, https:\/\/i0.wp.com\/zsp.wegrow.pl\/wp-content\/uploads\/2023\/12\/02-4.jpg?w=1536&amp;ssl=1 1536w\" sizes=\"(max-width: 768px) 100vw, 768px\" \/><\/a><\/figure>\n\n\n\n<figure class=\"wp-block-image size-large\"><a href=\"https:\/\/i0.wp.com\/zsp.wegrow.pl\/wp-content\/uploads\/2023\/12\/03-4.jpg?ssl=1\"><img data-recalc-dims=\"1\" decoding=\"async\" width=\"840\" height=\"992\" data-id=\"13693\" src=\"https:\/\/i0.wp.com\/zsp.wegrow.pl\/wp-content\/uploads\/2023\/12\/03-4.jpg?resize=840%2C992&#038;ssl=1\" alt=\"\" class=\"wp-image-13693\" srcset=\"https:\/\/i0.wp.com\/zsp.wegrow.pl\/wp-content\/uploads\/2023\/12\/03-4.jpg?resize=867%2C1024&amp;ssl=1 867w, https:\/\/i0.wp.com\/zsp.wegrow.pl\/wp-content\/uploads\/2023\/12\/03-4.jpg?resize=254%2C300&amp;ssl=1 254w, https:\/\/i0.wp.com\/zsp.wegrow.pl\/wp-content\/uploads\/2023\/12\/03-4.jpg?resize=127%2C150&amp;ssl=1 127w, https:\/\/i0.wp.com\/zsp.wegrow.pl\/wp-content\/uploads\/2023\/12\/03-4.jpg?resize=768%2C907&amp;ssl=1 768w, https:\/\/i0.wp.com\/zsp.wegrow.pl\/wp-content\/uploads\/2023\/12\/03-4.jpg?resize=1301%2C1536&amp;ssl=1 1301w, https:\/\/i0.wp.com\/zsp.wegrow.pl\/wp-content\/uploads\/2023\/12\/03-4.jpg?resize=20%2C24&amp;ssl=1 20w, https:\/\/i0.wp.com\/zsp.wegrow.pl\/wp-content\/uploads\/2023\/12\/03-4.jpg?resize=30%2C36&amp;ssl=1 30w, https:\/\/i0.wp.com\/zsp.wegrow.pl\/wp-content\/uploads\/2023\/12\/03-4.jpg?resize=41%2C48&amp;ssl=1 41w, https:\/\/i0.wp.com\/zsp.wegrow.pl\/wp-content\/uploads\/2023\/12\/03-4.jpg?w=1734&amp;ssl=1 1734w, https:\/\/i0.wp.com\/zsp.wegrow.pl\/wp-content\/uploads\/2023\/12\/03-4.jpg?w=1680&amp;ssl=1 1680w\" sizes=\"(max-width: 840px) 100vw, 840px\" \/><\/a><\/figure>\n<\/figure>\n","protected":false},"excerpt":{"rendered":"<p>&#8222;Czy\u0144my Pok\u00f3j!&#8221; 12 grudnia w Zespole Szk\u00f3\u0142 Ponadpodstawowych im. Jana Kochanowskiego odby\u0142o si\u0119 uroczyste przekazanie Betlejemskiego \u015awiat\u0142a Pokoju przez Dru\u017cyny Harcerskie i Gromady Zuchowe. To wyj\u0105tkowo symboliczny gest, przypominaj\u0105cy o wa\u017cno\u015bci pokoju i jedno\u015bci w<\/p>\n","protected":false},"author":1,"featured_media":13695,"comment_status":"closed","ping_status":"closed","sticky":false,"template":"","format":"standard","meta":{"ngg_post_thumbnail":0,"_themeisle_gutenberg_block_has_review":false,"jetpack_post_was_ever_published":false,"_jetpack_newsletter_access":"","_jetpack_dont_email_post_to_subs":false,"_jetpack_newsletter_tier_id":0,"_jetpack_memberships_contains_paywalled_content":false,"_jetpack_memberships_contains_paid_content":false,"footnotes":"","jetpack_publicize_message":"","jetpack_publicize_feature_enabled":true,"jetpack_social_post_already_shared":true,"jetpack_social_options":{"image_generator_settings":{"template":"highway","default_image_id":0,"font":"","enabled":false},"version":2}},"categories":[64],"tags":[],"class_list":["post-13690","post","type-post","status-publish","format-standard","has-post-thumbnail","hentry","category-swieta"],"jetpack_publicize_connections":[],"jetpack_featured_media_url":"https:\/\/i0.wp.com\/zsp.wegrow.pl\/wp-content\/uploads\/2023\/12\/01_wyr-3.jpg?fit=850%2C542&ssl=1","jetpack_sharing_enabled":true,"jetpack_shortlink":"https:\/\/wp.me\/paT2nI-3yO","_links":{"self":[{"href":"https:\/\/zsp.wegrow.pl\/index.php\/wp-json\/wp\/v2\/posts\/13690","targetHints":{"allow":["GET"]}}],"collection":[{"href":"https:\/\/zsp.wegrow.pl\/index.php\/wp-json\/wp\/v2\/posts"}],"about":[{"href":"https:\/\/zsp.wegrow.pl\/index.php\/wp-json\/wp\/v2\/types\/post"}],"author":[{"embeddable":true,"href":"https:\/\/zsp.wegrow.pl\/index.php\/wp-json\/wp\/v2\/users\/1"}],"replies":[{"embeddable":true,"href":"https:\/\/zsp.wegrow.pl\/index.php\/wp-json\/wp\/v2\/comments?post=13690"}],"version-history":[{"count":4,"href":"https:\/\/zsp.wegrow.pl\/index.php\/wp-json\/wp\/v2\/posts\/13690\/revisions"}],"predecessor-version":[{"id":13698,"href":"https:\/\/zsp.wegrow.pl\/index.php\/wp-json\/wp\/v2\/posts\/13690\/revisions\/13698"}],"wp:featuredmedia":[{"embeddable":true,"href":"https:\/\/zsp.wegrow.pl\/index.php\/wp-json\/wp\/v2\/media\/13695"}],"wp:attachment":[{"href":"https:\/\/zsp.wegrow.pl\/index.php\/wp-json\/wp\/v2\/media?parent=13690"}],"wp:term":[{"taxonomy":"category","embeddable":true,"href":"https:\/\/zsp.wegrow.pl\/index.php\/wp-json\/wp\/v2\/categories?post=13690"},{"taxonomy":"post_tag","embeddable":true,"href":"https:\/\/zsp.wegrow.pl\/index.php\/wp-json\/wp\/v2\/tags?post=13690"}],"curies":[{"name":"wp","href":"https:\/\/api.w.org\/{rel}","templated":true}]}}