{"id":13770,"date":"2023-12-19T09:54:37","date_gmt":"2023-12-19T08:54:37","guid":{"rendered":"https:\/\/zsp.wegrow.pl\/?p=13770"},"modified":"2024-08-31T13:23:26","modified_gmt":"2024-08-31T11:23:26","slug":"srodroczne-spotkanie-z-rodzicami-14-grudnia-2023-r","status":"publish","type":"post","link":"https:\/\/zsp.wegrow.pl\/index.php\/2023\/12\/19\/srodroczne-spotkanie-z-rodzicami-14-grudnia-2023-r\/","title":{"rendered":"\u015ar\u00f3droczne spotkanie z rodzicami \u2013 14 grudnia 2023 r."},"content":{"rendered":"\n<p class=\"has-drop-cap has-text-align-justify\">Min\u0119\u0142a pierwsza po\u0142owa roku szkolnego, by\u0142a wi\u0119c okazja do podsumowa\u0144, refleksji i wniosk\u00f3w na przysz\u0142o\u015b\u0107. W czwartek 14.12.2023 r. odby\u0142o si\u0119 w naszej szkole tradycyjne spotkanie nauczycieli i wychowawc\u00f3w z rodzicami. Przyby\u0142ych go\u015bci powita\u0142a p.o. dyrektora Joanna Go\u0142\u0119biewska &#8211; Kokoszka, dzi\u0119kuj\u0105c za aktywn\u0105 wsp\u00f3\u0142prac\u0119 ze szko\u0142\u0105 oraz zainteresowanie osi\u0105gni\u0119ciami swoich dzieci.<br>Szko\u0142a uczy i wychowuje, ale tak\u017ce inspiruje i pomaga rozwija\u0107 swoje pasje. Podczas spotkania uczniowie klasy 2 Lom zaprezentowali pokaz musztry. M\u0142odzie\u017c uzdolniona muzycznie wyst\u0105pi\u0142a przed rodzicami z repertuarem \u015bwi\u0105tecznym. W trakcie spotkania z rodzicami dyrektor opowiedzia\u0142a o r\u00f3\u017cnych formach zaj\u0119\u0107 pozalekcyjnych, w kt\u00f3rych uczestnicz\u0105 uczniowie, oraz o realizowanych przez szko\u0142\u0119 projektach. Udzia\u0142 w spotkaniu przedstawiciela Komendy Powiatowej Policji w W\u0119growie- starszego sier\u017canta \u2013 pana Rafa\u0142a Ba\u0142dygi &#8211; by\u0142 okazj\u0105 do wys\u0142uchania prelekcji na temat odpowiedzialno\u015bci m\u0142odzie\u017cy a tak\u017ce zagro\u017ce\u0144 cyberprzemoc\u0105. Rodzice mieli mo\u017cliwo\u015b\u0107 bezpo\u015brednio zapyta\u0107 o formy pomocy i zapobiegania w sytuacji zagro\u017cenia bezpiecze\u0144stwa dziecka.<br>Po zebraniu w sali gimnastycznej odby\u0142y si\u0119 spotkania rodzic\u00f3w z wychowawcami i nauczycielami. Panie pedagog pe\u0142ni\u0142y dy\u017cury po spotkaniu og\u00f3lnym z rodzicami.<\/p>\n\n\n\n<p>Zdj\u0119cia: Aleksandra Bodzon<\/p>\n\n\n\nngg_shortcode_0_placeholder\n","protected":false},"excerpt":{"rendered":"<p>Min\u0119\u0142a pierwsza po\u0142owa roku szkolnego, by\u0142a wi\u0119c okazja do podsumowa\u0144, refleksji i wniosk\u00f3w na przysz\u0142o\u015b\u0107. W czwartek 14.12.2023 r. odby\u0142o si\u0119 w naszej szkole tradycyjne spotkanie nauczycieli i wychowawc\u00f3w z rodzicami. Przyby\u0142ych go\u015bci powita\u0142a p.o.<\/p>\n","protected":false},"author":1,"featured_media":4844,"comment_status":"closed","ping_status":"closed","sticky":false,"template":"","format":"standard","meta":{"ngg_post_thumbnail":0,"_themeisle_gutenberg_block_has_review":false,"jetpack_post_was_ever_published":false,"_jetpack_newsletter_access":"","_jetpack_dont_email_post_to_subs":false,"_jetpack_newsletter_tier_id":0,"_jetpack_memberships_contains_paywalled_content":false,"_jetpack_memberships_contains_paid_content":false,"footnotes":"","jetpack_publicize_message":"","jetpack_publicize_feature_enabled":true,"jetpack_social_post_already_shared":true,"jetpack_social_options":{"image_generator_settings":{"template":"highway","default_image_id":0,"font":"","enabled":false},"version":2}},"categories":[44],"tags":[],"class_list":["post-13770","post","type-post","status-publish","format-standard","has-post-thumbnail","hentry","category-spotkania"],"jetpack_publicize_connections":[],"jetpack_featured_media_url":"https:\/\/i0.wp.com\/zsp.wegrow.pl\/wp-content\/uploads\/2020\/06\/szko%C5%82a_m.jpg?fit=850%2C360&ssl=1","jetpack_sharing_enabled":true,"jetpack_shortlink":"https:\/\/wp.me\/paT2nI-3A6","_links":{"self":[{"href":"https:\/\/zsp.wegrow.pl\/index.php\/wp-json\/wp\/v2\/posts\/13770","targetHints":{"allow":["GET"]}}],"collection":[{"href":"https:\/\/zsp.wegrow.pl\/index.php\/wp-json\/wp\/v2\/posts"}],"about":[{"href":"https:\/\/zsp.wegrow.pl\/index.php\/wp-json\/wp\/v2\/types\/post"}],"author":[{"embeddable":true,"href":"https:\/\/zsp.wegrow.pl\/index.php\/wp-json\/wp\/v2\/users\/1"}],"replies":[{"embeddable":true,"href":"https:\/\/zsp.wegrow.pl\/index.php\/wp-json\/wp\/v2\/comments?post=13770"}],"version-history":[{"count":1,"href":"https:\/\/zsp.wegrow.pl\/index.php\/wp-json\/wp\/v2\/posts\/13770\/revisions"}],"predecessor-version":[{"id":13788,"href":"https:\/\/zsp.wegrow.pl\/index.php\/wp-json\/wp\/v2\/posts\/13770\/revisions\/13788"}],"wp:featuredmedia":[{"embeddable":true,"href":"https:\/\/zsp.wegrow.pl\/index.php\/wp-json\/wp\/v2\/media\/4844"}],"wp:attachment":[{"href":"https:\/\/zsp.wegrow.pl\/index.php\/wp-json\/wp\/v2\/media?parent=13770"}],"wp:term":[{"taxonomy":"category","embeddable":true,"href":"https:\/\/zsp.wegrow.pl\/index.php\/wp-json\/wp\/v2\/categories?post=13770"},{"taxonomy":"post_tag","embeddable":true,"href":"https:\/\/zsp.wegrow.pl\/index.php\/wp-json\/wp\/v2\/tags?post=13770"}],"curies":[{"name":"wp","href":"https:\/\/api.w.org\/{rel}","templated":true}]}}