{"id":14298,"date":"2024-02-12T18:24:37","date_gmt":"2024-02-12T17:24:37","guid":{"rendered":"https:\/\/zsp.wegrow.pl\/?p=14298"},"modified":"2024-08-31T13:17:03","modified_gmt":"2024-08-31T11:17:03","slug":"powstanie-1863r","status":"publish","type":"post","link":"https:\/\/zsp.wegrow.pl\/index.php\/2024\/02\/12\/powstanie-1863r\/","title":{"rendered":"POWSTANIE 1863r."},"content":{"rendered":"\n<p class=\"has-drop-cap has-text-align-justify\"><br>W pi\u0105tek, 2 lutego 2024 r. m\u0142odzie\u017c naszego liceum z klas: I, II i III bra\u0142a udzia\u0142 w wieczornicy po\u015bwi\u0119conej 161. rocznicy wybuchu powstania styczniowego. Spotkanie odby\u0142o si\u0119 w klimatycznych podziemiach Biblioteki Miejskiej im. A. Cieszkowskiego w W\u0119growie, dzi\u0119ki uprzejmo\u015bci Pani dyrektor Ma\u0142gorzaty Rospara.<br>W uroczysto\u015bci wzi\u0119li udzia\u0142: burmistrz W\u0119growa Pan Pawe\u0142 Marchela, uczestnicy konkursu plastycznego, dotycz\u0105cego powstania 1863r., cz\u0142onkowie i sympatycy Towarzystwa Mi\u0142o\u015bnik\u00f3w Ziemi W\u0119growskiej, mieszka\u0144cy naszego miasta.<br>Prowadz\u0105c\u0105 spotkanie by\u0142a Pani Agnieszka Zarzycka, wicedyrektor SP im. Jana Paw\u0142a II w W\u0119growie, pogadank\u0119 o malarstwie wyg\u0142osi\u0142a Pani Ma\u0142gorzata Konopi\u0144ska.<br>Sednem uroczysto\u015bci by\u0142o rozdanie nagr\u00f3d uczestnikom konkursu plastycznego.<br>Z satysfakcj\u0105 informujemy, \u017ce II nagrod\u0119 w kategorii prac doros\u0142ych zdoby\u0142a uczennica klasy III LOo Emilia Gut.<br>W cz\u0119\u015bci artystycznej m\u0142odzie\u017c recytowa\u0142a pi\u0119kne patriotyczne utwory, przypomina\u0142a tragiczne i heroiczne karty powsta\u0144czego styczniowego zrywu.<br>Wykonawcami byli: Zofia Gorczyca, Natalia Miesza\u0142o, Zuzanna Bartoszewska, Weronika Ga\u0142ecka, Anna Wojty\u0144ska, Gabriela Owsianka, Mateusz Ba\u0142dyga i Rafa\u0142 Ulicki.<br>Wieczornica przygotowana pod kierunkiem Pani El\u017cbiety Topoli\u0144skiej.<br>Zdj\u0119cia: Towarzystwo Mi\u0142o\u015bnik\u00f3w Ziemi W\u0119growskiej<\/p>\n\n\n\nngg_shortcode_0_placeholder\n","protected":false},"excerpt":{"rendered":"<p>W pi\u0105tek, 2 lutego 2024 r. m\u0142odzie\u017c naszego liceum z klas: I, II i III bra\u0142a udzia\u0142 w wieczornicy po\u015bwi\u0119conej 161. rocznicy wybuchu powstania styczniowego. Spotkanie odby\u0142o si\u0119 w klimatycznych podziemiach Biblioteki Miejskiej im. A.<\/p>\n","protected":false},"author":1,"featured_media":14314,"comment_status":"closed","ping_status":"closed","sticky":false,"template":"","format":"standard","meta":{"ngg_post_thumbnail":0,"_themeisle_gutenberg_block_has_review":false,"jetpack_post_was_ever_published":false,"_jetpack_newsletter_access":"","_jetpack_dont_email_post_to_subs":false,"_jetpack_newsletter_tier_id":0,"_jetpack_memberships_contains_paywalled_content":false,"_jetpack_memberships_contains_paid_content":false,"footnotes":"","jetpack_publicize_message":"","jetpack_publicize_feature_enabled":true,"jetpack_social_post_already_shared":true,"jetpack_social_options":{"image_generator_settings":{"template":"highway","default_image_id":0,"font":"","enabled":false},"version":2}},"categories":[65],"tags":[],"class_list":["post-14298","post","type-post","status-publish","format-standard","has-post-thumbnail","hentry","category-wydarzenia-artystyczne"],"jetpack_publicize_connections":[],"jetpack_featured_media_url":"https:\/\/i0.wp.com\/zsp.wegrow.pl\/wp-content\/uploads\/2024\/02\/05_wyr.jpg?fit=850%2C567&ssl=1","jetpack_sharing_enabled":true,"jetpack_shortlink":"https:\/\/wp.me\/paT2nI-3IC","_links":{"self":[{"href":"https:\/\/zsp.wegrow.pl\/index.php\/wp-json\/wp\/v2\/posts\/14298","targetHints":{"allow":["GET"]}}],"collection":[{"href":"https:\/\/zsp.wegrow.pl\/index.php\/wp-json\/wp\/v2\/posts"}],"about":[{"href":"https:\/\/zsp.wegrow.pl\/index.php\/wp-json\/wp\/v2\/types\/post"}],"author":[{"embeddable":true,"href":"https:\/\/zsp.wegrow.pl\/index.php\/wp-json\/wp\/v2\/users\/1"}],"replies":[{"embeddable":true,"href":"https:\/\/zsp.wegrow.pl\/index.php\/wp-json\/wp\/v2\/comments?post=14298"}],"version-history":[{"count":1,"href":"https:\/\/zsp.wegrow.pl\/index.php\/wp-json\/wp\/v2\/posts\/14298\/revisions"}],"predecessor-version":[{"id":14315,"href":"https:\/\/zsp.wegrow.pl\/index.php\/wp-json\/wp\/v2\/posts\/14298\/revisions\/14315"}],"wp:featuredmedia":[{"embeddable":true,"href":"https:\/\/zsp.wegrow.pl\/index.php\/wp-json\/wp\/v2\/media\/14314"}],"wp:attachment":[{"href":"https:\/\/zsp.wegrow.pl\/index.php\/wp-json\/wp\/v2\/media?parent=14298"}],"wp:term":[{"taxonomy":"category","embeddable":true,"href":"https:\/\/zsp.wegrow.pl\/index.php\/wp-json\/wp\/v2\/categories?post=14298"},{"taxonomy":"post_tag","embeddable":true,"href":"https:\/\/zsp.wegrow.pl\/index.php\/wp-json\/wp\/v2\/tags?post=14298"}],"curies":[{"name":"wp","href":"https:\/\/api.w.org\/{rel}","templated":true}]}}