{"id":15606,"date":"2024-08-02T15:33:46","date_gmt":"2024-08-02T13:33:46","guid":{"rendered":"https:\/\/zsp.wegrow.pl\/?p=15606"},"modified":"2024-08-31T12:57:03","modified_gmt":"2024-08-31T10:57:03","slug":"80-rocznica-wybuchu-powstania-warszawskiego","status":"publish","type":"post","link":"https:\/\/zsp.wegrow.pl\/index.php\/2024\/08\/02\/80-rocznica-wybuchu-powstania-warszawskiego\/","title":{"rendered":"80 rocznica wybuchu Powstania Warszawskiego"},"content":{"rendered":"\n<p class=\"has-drop-cap\">Dnia 1 sierpnia 2024 r. mieszka\u0144cy W\u0119growa, w symboliczn\u0105 godzin\u0119 &#8222;W&#8221;, pod pomnikiem Armii Krajowej przy d\u017awi\u0119ku syren rozpocz\u0119li Apel Pami\u0119ci aby uczci\u0107 pami\u0119\u0107 o heroicznym zrywie m\u0142odych Powsta\u0144c\u00f3w Warszawskich. W uroczysto\u015bci wzi\u0119li udzia\u0142 przedstawiciele lokalnych w\u0142adz samorz\u0105dowych, ksi\u0119\u017ca, uczniowie klas mundurowych z II Liceum Og\u00f3lnokszta\u0142c\u0105cego w W\u0119growie, poczty sztandarowe, harcerze ze szk\u00f3\u0142 oraz mieszka\u0144cy W\u0119growa. Po <a><\/a>okoliczno\u015bciowych wyst\u0105pieniach pani Starosty Ewy Besztak i pana Burmistrza Paw\u0142a Marcheli prowadz\u0105cy Tomasz Star\u0119ga odczyta\u0142 apel pami\u0119ci a nast\u0119pnie delegacje z\u0142o\u017cy\u0142y wi\u0105zanki pod pomnikiem. W ten spos\u00f3b oddano ho\u0142d m\u0142odym powsta\u0144com, kt\u00f3rzy zgin\u0119li w obronie Ojczyzny, uczczono ich bohaterstwo i po\u015bwi\u0119cenie dla kraju. Na zako\u0144czenie uroczysto\u015bci zebrani wys\u0142uchali piosenek z Powstania Warszawskiego w wykonaniu wokalistki Anastazji \u017bo\u0142nierzak.<\/p>\n\n\n\n<p>Opiek\u0119 nad uczniami ZSP sprawowa\u0142y panie: wicedyrektor Agnieszka D\u017cbik, Magdalena Ceglarska-Kowal i Monika Krasnod\u0119bska a nad pocztami sztandarowymi szko\u0142y i AK czuwa\u0142a pani Katarzyna Grenda<\/p>\n\n\n\n<p>Tekst i zdj\u0119cia: Katarzyna Grenda<\/p>\n\n\n\nngg_shortcode_0_placeholder\n","protected":false},"excerpt":{"rendered":"<p>Dnia 1 sierpnia 2024 r. mieszka\u0144cy W\u0119growa, w symboliczn\u0105 godzin\u0119 &#8222;W&#8221;, pod pomnikiem Armii Krajowej przy d\u017awi\u0119ku syren rozpocz\u0119li Apel Pami\u0119ci aby uczci\u0107 pami\u0119\u0107 o heroicznym zrywie m\u0142odych Powsta\u0144c\u00f3w Warszawskich. W uroczysto\u015bci wzi\u0119li udzia\u0142 przedstawiciele<\/p>\n","protected":false},"author":1,"featured_media":15617,"comment_status":"closed","ping_status":"closed","sticky":false,"template":"","format":"standard","meta":{"ngg_post_thumbnail":0,"_themeisle_gutenberg_block_has_review":false,"jetpack_post_was_ever_published":false,"_jetpack_newsletter_access":"","_jetpack_dont_email_post_to_subs":false,"_jetpack_newsletter_tier_id":0,"_jetpack_memberships_contains_paywalled_content":false,"_jetpack_memberships_contains_paid_content":false,"footnotes":"","jetpack_publicize_message":"","jetpack_publicize_feature_enabled":true,"jetpack_social_post_already_shared":true,"jetpack_social_options":{"image_generator_settings":{"template":"highway","default_image_id":0,"font":"","enabled":false},"version":2}},"categories":[23,53],"tags":[],"class_list":["post-15606","post","type-post","status-publish","format-standard","has-post-thumbnail","hentry","category-klasy-mundurowe","category-rocznice"],"jetpack_publicize_connections":[],"jetpack_featured_media_url":"https:\/\/i0.wp.com\/zsp.wegrow.pl\/wp-content\/uploads\/2024\/08\/04wyr.jpg?fit=850%2C383&ssl=1","jetpack_sharing_enabled":true,"jetpack_shortlink":"https:\/\/wp.me\/paT2nI-43I","_links":{"self":[{"href":"https:\/\/zsp.wegrow.pl\/index.php\/wp-json\/wp\/v2\/posts\/15606","targetHints":{"allow":["GET"]}}],"collection":[{"href":"https:\/\/zsp.wegrow.pl\/index.php\/wp-json\/wp\/v2\/posts"}],"about":[{"href":"https:\/\/zsp.wegrow.pl\/index.php\/wp-json\/wp\/v2\/types\/post"}],"author":[{"embeddable":true,"href":"https:\/\/zsp.wegrow.pl\/index.php\/wp-json\/wp\/v2\/users\/1"}],"replies":[{"embeddable":true,"href":"https:\/\/zsp.wegrow.pl\/index.php\/wp-json\/wp\/v2\/comments?post=15606"}],"version-history":[{"count":1,"href":"https:\/\/zsp.wegrow.pl\/index.php\/wp-json\/wp\/v2\/posts\/15606\/revisions"}],"predecessor-version":[{"id":15618,"href":"https:\/\/zsp.wegrow.pl\/index.php\/wp-json\/wp\/v2\/posts\/15606\/revisions\/15618"}],"wp:featuredmedia":[{"embeddable":true,"href":"https:\/\/zsp.wegrow.pl\/index.php\/wp-json\/wp\/v2\/media\/15617"}],"wp:attachment":[{"href":"https:\/\/zsp.wegrow.pl\/index.php\/wp-json\/wp\/v2\/media?parent=15606"}],"wp:term":[{"taxonomy":"category","embeddable":true,"href":"https:\/\/zsp.wegrow.pl\/index.php\/wp-json\/wp\/v2\/categories?post=15606"},{"taxonomy":"post_tag","embeddable":true,"href":"https:\/\/zsp.wegrow.pl\/index.php\/wp-json\/wp\/v2\/tags?post=15606"}],"curies":[{"name":"wp","href":"https:\/\/api.w.org\/{rel}","templated":true}]}}