{"id":15695,"date":"2024-09-10T21:32:50","date_gmt":"2024-09-10T19:32:50","guid":{"rendered":"https:\/\/zsp.wegrow.pl\/?p=15695"},"modified":"2025-09-01T12:50:08","modified_gmt":"2025-09-01T10:50:08","slug":"narodowe-czytanie-kordiana-juliusza-slowackiego","status":"publish","type":"post","link":"https:\/\/zsp.wegrow.pl\/index.php\/2024\/09\/10\/narodowe-czytanie-kordiana-juliusza-slowackiego\/","title":{"rendered":"Narodowe Czytanie Kordiana Juliusza S\u0142owackiego"},"content":{"rendered":"\n<p>6 wrze\u015bnia 2024 r. nasza klasa &#8211; IV LOo &#8211; wzi\u0119\u0142a udzia\u0142 w akcji Narodowego Czytania Kordiana Juliusza S\u0142owackiego.<br>W tym roku skorzystali\u015bmy z go\u015bcinno\u015bci Pani Ma\u0142gorzaty Madziar- Krasnod\u0119bskiej i w klimatycznych wn\u0119trzach Jej ksi\u0119garni mogli\u015bmy przypomnie\u0107 sobie genialny dramat romantycznego wieszcza. Fragmenty utworu ukazywa\u0142y Kordiana jako bohatera romantycznego, uwik\u0142anego w histori\u0119, mi\u0142o\u015b\u0107, w\u0142asne kompleksy.<br>Pani Krasnod\u0119bska zgodzi\u0142a si\u0119 przeczyta\u0107 monolog Kordiana. Zrobi\u0142a to doskonale, z uczuciem odtwarzaj\u0105c rozterki bohatera. Podzieli\u0142a si\u0119 te\u017c refleksj\u0105, \u017ce lektura dramatu jest Jej szczeg\u00f3lnie bliska; \u017ce ceni arcydzie\u0142a i w swojej ksi\u0119garni stara si\u0119 t\u0119 pasj\u0119 rozwija\u0107 i promowa\u0107. Zostali\u015bmy obdarowani przypinkami z podobizn\u0105 Kordiana( to super mi\u0142y gest) i sp\u0119dzili\u015bmy naprawd\u0119 pi\u0119kne chwile. Dzi\u0119kujemy te\u017c Pani Emilii G\u0105tarz, kt\u00f3ra pomaga\u0142a w przygotowaniu dla nas miejsca do czytania i okaza\u0142a nam du\u017co sympatii.<br>Lektorzy, przedstawiaj\u0105cy fragmenty: Pani Ma\u0142gorzata Madziar- Krasnod\u0119bska, Weronika Ga\u0142ecka, Natalia Kazimierska, Paulina Rychlik, Bartosz Ga\u0142\u0105zka, Tomasz G\u00f3recki.<\/p>\n\n\n\n<p>Fotografowa\u0142a: Gabriela Sapierzy\u0144ska.<br>Opieka nad m\u0142odzie\u017c\u0105: Pani El\u017cbieta Topoli\u0144ska<\/p>\n\n\n\n<p>PAMI\u0118TAJCIE! W KSI\u0118GARNI U MADZIAR\u00d3W CZEKAJ\u0104 NA WAS WSPANIA\u0141E OPOWIE\u015aCI<\/p>\n\n\n\nngg_shortcode_0_placeholder\n","protected":false},"excerpt":{"rendered":"<p>6 wrze\u015bnia 2024 r. nasza klasa &#8211; IV LOo &#8211; wzi\u0119\u0142a udzia\u0142 w akcji Narodowego Czytania Kordiana Juliusza S\u0142owackiego.W tym roku skorzystali\u015bmy z go\u015bcinno\u015bci Pani Ma\u0142gorzaty Madziar- Krasnod\u0119bskiej i w klimatycznych wn\u0119trzach Jej ksi\u0119garni mogli\u015bmy<\/p>\n","protected":false},"author":1,"featured_media":15705,"comment_status":"closed","ping_status":"closed","sticky":false,"template":"","format":"standard","meta":{"ngg_post_thumbnail":0,"_themeisle_gutenberg_block_has_review":false,"jetpack_post_was_ever_published":false,"_jetpack_newsletter_access":"","_jetpack_dont_email_post_to_subs":false,"_jetpack_newsletter_tier_id":0,"_jetpack_memberships_contains_paywalled_content":false,"_jetpack_memberships_contains_paid_content":false,"footnotes":"","jetpack_publicize_message":"","jetpack_publicize_feature_enabled":true,"jetpack_social_post_already_shared":true,"jetpack_social_options":{"image_generator_settings":{"template":"highway","default_image_id":0,"font":"","enabled":false},"version":2}},"categories":[79],"tags":[],"class_list":["post-15695","post","type-post","status-publish","format-standard","has-post-thumbnail","hentry","category-wydarzenia"],"jetpack_publicize_connections":[],"jetpack_featured_media_url":"https:\/\/i0.wp.com\/zsp.wegrow.pl\/wp-content\/uploads\/2024\/09\/kordian-wyr.jpg?fit=850%2C209&ssl=1","jetpack_sharing_enabled":true,"jetpack_shortlink":"https:\/\/wp.me\/paT2nI-459","_links":{"self":[{"href":"https:\/\/zsp.wegrow.pl\/index.php\/wp-json\/wp\/v2\/posts\/15695","targetHints":{"allow":["GET"]}}],"collection":[{"href":"https:\/\/zsp.wegrow.pl\/index.php\/wp-json\/wp\/v2\/posts"}],"about":[{"href":"https:\/\/zsp.wegrow.pl\/index.php\/wp-json\/wp\/v2\/types\/post"}],"author":[{"embeddable":true,"href":"https:\/\/zsp.wegrow.pl\/index.php\/wp-json\/wp\/v2\/users\/1"}],"replies":[{"embeddable":true,"href":"https:\/\/zsp.wegrow.pl\/index.php\/wp-json\/wp\/v2\/comments?post=15695"}],"version-history":[{"count":2,"href":"https:\/\/zsp.wegrow.pl\/index.php\/wp-json\/wp\/v2\/posts\/15695\/revisions"}],"predecessor-version":[{"id":15706,"href":"https:\/\/zsp.wegrow.pl\/index.php\/wp-json\/wp\/v2\/posts\/15695\/revisions\/15706"}],"wp:featuredmedia":[{"embeddable":true,"href":"https:\/\/zsp.wegrow.pl\/index.php\/wp-json\/wp\/v2\/media\/15705"}],"wp:attachment":[{"href":"https:\/\/zsp.wegrow.pl\/index.php\/wp-json\/wp\/v2\/media?parent=15695"}],"wp:term":[{"taxonomy":"category","embeddable":true,"href":"https:\/\/zsp.wegrow.pl\/index.php\/wp-json\/wp\/v2\/categories?post=15695"},{"taxonomy":"post_tag","embeddable":true,"href":"https:\/\/zsp.wegrow.pl\/index.php\/wp-json\/wp\/v2\/tags?post=15695"}],"curies":[{"name":"wp","href":"https:\/\/api.w.org\/{rel}","templated":true}]}}