{"id":15710,"date":"2024-09-10T22:38:26","date_gmt":"2024-09-10T20:38:26","guid":{"rendered":"https:\/\/zsp.wegrow.pl\/?p=15710"},"modified":"2025-09-01T12:49:54","modified_gmt":"2025-09-01T10:49:54","slug":"narodowe-czytanie-w-kochanie","status":"publish","type":"post","link":"https:\/\/zsp.wegrow.pl\/index.php\/2024\/09\/10\/narodowe-czytanie-w-kochanie\/","title":{"rendered":"Narodowe Czytanie w Kochanie"},"content":{"rendered":"\n<p class=\"has-drop-cap\">Dnia 6 wrze\u015bnia 2024 r. nasza szko\u0142a przy\u0142\u0105czy\u0142a si\u0119 do akcji Narodowego Czytania \u201eKordiana\u201d Juliusza S\u0142owackiego, dzie\u0142a nieprzypadkowego i szczeg\u00f3lnego. Zgromadzon\u0105 m\u0142odzie\u017c powita\u0142 Zast\u0119pca Dyrektora Pan Leszek Redosz. Prezydent RP Andrzej Duda podkre\u015bla, \u201eutw\u00f3r ten opowiada o walce Polak\u00f3w z caratem, ale przecie\u017c mo\u017cna go traktowa\u0107 jako opowie\u015b\u0107 o naszej wsp\u00f3\u0142czesno\u015bci. O tym, \u017ce wolno\u015b\u0107 i niepodleg\u0142o\u015b\u0107 wymagaj\u0105 bezinteresownego po\u015bwi\u0119cenia i <a><\/a>gotowo\u015bci do czynu\u201d. Z \u201eKordianem\u201d zapoznali nas uczniowie: Wiktoria Dymek, Julia Matejczyk, Amelia Skar\u017cy\u0144ska, Kacper K\u0105kol, Magda Kury\u0142ek z klasy III LOm, Nikola Sasal, Wojciech Plewka, Kacper G\u00f3rski, Eryk Wronka, Jakub Sasin z klasy III LO, Blanka Pobikrowska z klasy II LOw, Filip Falkowski i Bart\u0142omiej Warda z klasy II ek, Dominika Myrcha z klasy III ek, Bartosz Sawicki z klasy III ae i Dawid Skibi\u0144ski z klasy IV i. Wydarzenie przygotowa\u0142y: p. Magdalena Ceglarska-Kowal, p. Joanna Skiba, p. Emilia Marchela, p. Monika Mik\u0142asiewicz, p. Aneta \u015al\u0105zak i p. Monika Krasnod\u0119bska.<\/p>\n\n\n\n<p>Zdj\u0119cia: Aleksandra Bodzon<\/p>\n\n\n\nngg_shortcode_0_placeholder\n","protected":false},"excerpt":{"rendered":"<p>Dnia 6 wrze\u015bnia 2024 r. nasza szko\u0142a przy\u0142\u0105czy\u0142a si\u0119 do akcji Narodowego Czytania \u201eKordiana\u201d Juliusza S\u0142owackiego, dzie\u0142a nieprzypadkowego i szczeg\u00f3lnego. Zgromadzon\u0105 m\u0142odzie\u017c powita\u0142 Zast\u0119pca Dyrektora Pan Leszek Redosz. Prezydent RP Andrzej Duda podkre\u015bla, \u201eutw\u00f3r ten<\/p>\n","protected":false},"author":1,"featured_media":15722,"comment_status":"closed","ping_status":"closed","sticky":false,"template":"","format":"standard","meta":{"ngg_post_thumbnail":0,"_themeisle_gutenberg_block_has_review":false,"jetpack_post_was_ever_published":false,"_jetpack_newsletter_access":"","_jetpack_dont_email_post_to_subs":false,"_jetpack_newsletter_tier_id":0,"_jetpack_memberships_contains_paywalled_content":false,"_jetpack_memberships_contains_paid_content":false,"footnotes":"","jetpack_publicize_message":"","jetpack_publicize_feature_enabled":true,"jetpack_social_post_already_shared":true,"jetpack_social_options":{"image_generator_settings":{"template":"highway","default_image_id":0,"font":"","enabled":false},"version":2}},"categories":[79],"tags":[],"class_list":["post-15710","post","type-post","status-publish","format-standard","has-post-thumbnail","hentry","category-wydarzenia"],"jetpack_publicize_connections":[],"jetpack_featured_media_url":"https:\/\/i0.wp.com\/zsp.wegrow.pl\/wp-content\/uploads\/2024\/09\/04wyr.jpg?fit=850%2C480&ssl=1","jetpack_sharing_enabled":true,"jetpack_shortlink":"https:\/\/wp.me\/paT2nI-45o","_links":{"self":[{"href":"https:\/\/zsp.wegrow.pl\/index.php\/wp-json\/wp\/v2\/posts\/15710","targetHints":{"allow":["GET"]}}],"collection":[{"href":"https:\/\/zsp.wegrow.pl\/index.php\/wp-json\/wp\/v2\/posts"}],"about":[{"href":"https:\/\/zsp.wegrow.pl\/index.php\/wp-json\/wp\/v2\/types\/post"}],"author":[{"embeddable":true,"href":"https:\/\/zsp.wegrow.pl\/index.php\/wp-json\/wp\/v2\/users\/1"}],"replies":[{"embeddable":true,"href":"https:\/\/zsp.wegrow.pl\/index.php\/wp-json\/wp\/v2\/comments?post=15710"}],"version-history":[{"count":1,"href":"https:\/\/zsp.wegrow.pl\/index.php\/wp-json\/wp\/v2\/posts\/15710\/revisions"}],"predecessor-version":[{"id":15723,"href":"https:\/\/zsp.wegrow.pl\/index.php\/wp-json\/wp\/v2\/posts\/15710\/revisions\/15723"}],"wp:featuredmedia":[{"embeddable":true,"href":"https:\/\/zsp.wegrow.pl\/index.php\/wp-json\/wp\/v2\/media\/15722"}],"wp:attachment":[{"href":"https:\/\/zsp.wegrow.pl\/index.php\/wp-json\/wp\/v2\/media?parent=15710"}],"wp:term":[{"taxonomy":"category","embeddable":true,"href":"https:\/\/zsp.wegrow.pl\/index.php\/wp-json\/wp\/v2\/categories?post=15710"},{"taxonomy":"post_tag","embeddable":true,"href":"https:\/\/zsp.wegrow.pl\/index.php\/wp-json\/wp\/v2\/tags?post=15710"}],"curies":[{"name":"wp","href":"https:\/\/api.w.org\/{rel}","templated":true}]}}