{"id":1580,"date":"2019-06-04T09:43:08","date_gmt":"2019-06-04T07:43:08","guid":{"rendered":"http:\/\/zsp.wegrow.pl\/?p=1580"},"modified":"2021-11-30T09:36:40","modified_gmt":"2021-11-30T08:36:40","slug":"v-festynu-rodzin-zastepczych-2019","status":"publish","type":"post","link":"https:\/\/zsp.wegrow.pl\/index.php\/2019\/06\/04\/v-festynu-rodzin-zastepczych-2019\/","title":{"rendered":"V Festyn Rodzin Zast\u0119pczych 2019"},"content":{"rendered":"\n<p>Kr\u00f3tka fotorelacja z V Festynu Rodzin Zast\u0119pczych 2019 zorganizowanego przez Powiatowe Centrum Pomocy Rodzinie w W\u0119growie. R\u00f3wnie\u017c nasza szko\u0142a aktywnie w\u0142\u0105czy\u0142a si\u0119 w organizacj\u0119 tego wydarzenia. cdn&#8230;<\/p>\n\n\n\nngg_shortcode_0_placeholder\n","protected":false},"excerpt":{"rendered":"<p>Kr\u00f3tka fotorelacja z V Festynu Rodzin Zast\u0119pczych 2019 zorganizowanego przez Powiatowe Centrum Pomocy Rodzinie w W\u0119growie. R\u00f3wnie\u017c nasza szko\u0142a aktywnie w\u0142\u0105czy\u0142a si\u0119 w organizacj\u0119 tego wydarzenia. cdn&#8230;<\/p>\n","protected":false},"author":1,"featured_media":1582,"comment_status":"closed","ping_status":"closed","sticky":false,"template":"","format":"standard","meta":{"ngg_post_thumbnail":0,"_themeisle_gutenberg_block_has_review":false,"jetpack_post_was_ever_published":false,"_jetpack_newsletter_access":"","_jetpack_dont_email_post_to_subs":false,"_jetpack_newsletter_tier_id":0,"_jetpack_memberships_contains_paywalled_content":false,"_jetpack_memberships_contains_paid_content":false,"footnotes":"","jetpack_publicize_message":"","jetpack_publicize_feature_enabled":true,"jetpack_social_post_already_shared":true,"jetpack_social_options":{"image_generator_settings":{"template":"highway","default_image_id":0,"font":"","enabled":false},"version":2}},"categories":[],"tags":[],"class_list":["post-1580","post","type-post","status-publish","format-standard","has-post-thumbnail","hentry"],"jetpack_publicize_connections":[],"jetpack_featured_media_url":"https:\/\/i0.wp.com\/zsp.wegrow.pl\/wp-content\/uploads\/2019\/06\/02-1.jpg?fit=2448%2C576&ssl=1","jetpack_sharing_enabled":true,"jetpack_shortlink":"https:\/\/wp.me\/paT2nI-pu","_links":{"self":[{"href":"https:\/\/zsp.wegrow.pl\/index.php\/wp-json\/wp\/v2\/posts\/1580","targetHints":{"allow":["GET"]}}],"collection":[{"href":"https:\/\/zsp.wegrow.pl\/index.php\/wp-json\/wp\/v2\/posts"}],"about":[{"href":"https:\/\/zsp.wegrow.pl\/index.php\/wp-json\/wp\/v2\/types\/post"}],"author":[{"embeddable":true,"href":"https:\/\/zsp.wegrow.pl\/index.php\/wp-json\/wp\/v2\/users\/1"}],"replies":[{"embeddable":true,"href":"https:\/\/zsp.wegrow.pl\/index.php\/wp-json\/wp\/v2\/comments?post=1580"}],"version-history":[{"count":2,"href":"https:\/\/zsp.wegrow.pl\/index.php\/wp-json\/wp\/v2\/posts\/1580\/revisions"}],"predecessor-version":[{"id":1634,"href":"https:\/\/zsp.wegrow.pl\/index.php\/wp-json\/wp\/v2\/posts\/1580\/revisions\/1634"}],"wp:featuredmedia":[{"embeddable":true,"href":"https:\/\/zsp.wegrow.pl\/index.php\/wp-json\/wp\/v2\/media\/1582"}],"wp:attachment":[{"href":"https:\/\/zsp.wegrow.pl\/index.php\/wp-json\/wp\/v2\/media?parent=1580"}],"wp:term":[{"taxonomy":"category","embeddable":true,"href":"https:\/\/zsp.wegrow.pl\/index.php\/wp-json\/wp\/v2\/categories?post=1580"},{"taxonomy":"post_tag","embeddable":true,"href":"https:\/\/zsp.wegrow.pl\/index.php\/wp-json\/wp\/v2\/tags?post=1580"}],"curies":[{"name":"wp","href":"https:\/\/api.w.org\/{rel}","templated":true}]}}