{"id":15804,"date":"2024-09-22T15:58:41","date_gmt":"2024-09-22T13:58:41","guid":{"rendered":"https:\/\/zsp.wegrow.pl\/?p=15804"},"modified":"2025-09-01T12:49:10","modified_gmt":"2025-09-01T10:49:10","slug":"diecezjalne-spotkanie-mlodych","status":"publish","type":"post","link":"https:\/\/zsp.wegrow.pl\/index.php\/2024\/09\/22\/diecezjalne-spotkanie-mlodych\/","title":{"rendered":"Diecezjalne Spotkanie M\u0142odych"},"content":{"rendered":"\n<p class=\"has-drop-cap\">Uczniowie naszej szko\u0142y uczestniczyli w Diecezjalnym Spotkaniu M\u0142odzie\u017cy w Drohiczynie. To czas spotkania z drugim cz\u0142owiekiem ale przede wszystkim z Bogiem. Punktem centralnym ca\u0142ego dnia by\u0142a Musz\u0105 \u015awi\u0119ta pod przewodnictwem ksi\u0119dza biskupa Piotra Sawczuka. Opiek\u0119 nad m\u0142odzie\u017c\u0105 sprawowali katecheci.<\/p>\n\n\n\nngg_shortcode_0_placeholder\n","protected":false},"excerpt":{"rendered":"<p>Uczniowie naszej szko\u0142y uczestniczyli w Diecezjalnym Spotkaniu M\u0142odzie\u017cy w Drohiczynie. To czas spotkania z drugim cz\u0142owiekiem ale przede wszystkim z Bogiem. Punktem centralnym ca\u0142ego dnia by\u0142a Musz\u0105 \u015awi\u0119ta pod przewodnictwem ksi\u0119dza biskupa Piotra Sawczuka. Opiek\u0119<\/p>\n","protected":false},"author":1,"featured_media":15813,"comment_status":"closed","ping_status":"closed","sticky":false,"template":"","format":"standard","meta":{"ngg_post_thumbnail":0,"_themeisle_gutenberg_block_has_review":false,"jetpack_post_was_ever_published":false,"_jetpack_newsletter_access":"","_jetpack_dont_email_post_to_subs":false,"_jetpack_newsletter_tier_id":0,"_jetpack_memberships_contains_paywalled_content":false,"_jetpack_memberships_contains_paid_content":false,"footnotes":"","jetpack_publicize_message":"","jetpack_publicize_feature_enabled":true,"jetpack_social_post_already_shared":true,"jetpack_social_options":{"image_generator_settings":{"template":"highway","default_image_id":0,"font":"","enabled":false},"version":2}},"categories":[79],"tags":[],"class_list":["post-15804","post","type-post","status-publish","format-standard","has-post-thumbnail","hentry","category-wydarzenia"],"jetpack_publicize_connections":[],"jetpack_featured_media_url":"https:\/\/i0.wp.com\/zsp.wegrow.pl\/wp-content\/uploads\/2024\/09\/01wyr-1.jpg?fit=850%2C485&ssl=1","jetpack_sharing_enabled":true,"jetpack_shortlink":"https:\/\/wp.me\/paT2nI-46U","_links":{"self":[{"href":"https:\/\/zsp.wegrow.pl\/index.php\/wp-json\/wp\/v2\/posts\/15804","targetHints":{"allow":["GET"]}}],"collection":[{"href":"https:\/\/zsp.wegrow.pl\/index.php\/wp-json\/wp\/v2\/posts"}],"about":[{"href":"https:\/\/zsp.wegrow.pl\/index.php\/wp-json\/wp\/v2\/types\/post"}],"author":[{"embeddable":true,"href":"https:\/\/zsp.wegrow.pl\/index.php\/wp-json\/wp\/v2\/users\/1"}],"replies":[{"embeddable":true,"href":"https:\/\/zsp.wegrow.pl\/index.php\/wp-json\/wp\/v2\/comments?post=15804"}],"version-history":[{"count":1,"href":"https:\/\/zsp.wegrow.pl\/index.php\/wp-json\/wp\/v2\/posts\/15804\/revisions"}],"predecessor-version":[{"id":15814,"href":"https:\/\/zsp.wegrow.pl\/index.php\/wp-json\/wp\/v2\/posts\/15804\/revisions\/15814"}],"wp:featuredmedia":[{"embeddable":true,"href":"https:\/\/zsp.wegrow.pl\/index.php\/wp-json\/wp\/v2\/media\/15813"}],"wp:attachment":[{"href":"https:\/\/zsp.wegrow.pl\/index.php\/wp-json\/wp\/v2\/media?parent=15804"}],"wp:term":[{"taxonomy":"category","embeddable":true,"href":"https:\/\/zsp.wegrow.pl\/index.php\/wp-json\/wp\/v2\/categories?post=15804"},{"taxonomy":"post_tag","embeddable":true,"href":"https:\/\/zsp.wegrow.pl\/index.php\/wp-json\/wp\/v2\/tags?post=15804"}],"curies":[{"name":"wp","href":"https:\/\/api.w.org\/{rel}","templated":true}]}}