{"id":15863,"date":"2024-09-29T12:27:59","date_gmt":"2024-09-29T10:27:59","guid":{"rendered":"https:\/\/zsp.wegrow.pl\/?p=15863"},"modified":"2025-09-01T12:47:39","modified_gmt":"2025-09-01T10:47:39","slug":"i-ogolnopolski-przeglad-musztry-klas-mundurowych-2","status":"publish","type":"post","link":"https:\/\/zsp.wegrow.pl\/index.php\/2024\/09\/29\/i-ogolnopolski-przeglad-musztry-klas-mundurowych-2\/","title":{"rendered":"I Og\u00f3lnopolski Przegl\u0105d Musztry Klas Mundurowych"},"content":{"rendered":"\n<p>W dniu 26 wrze\u015bnia 2024 roku w Radomiu odby\u0142y si\u0119 wojew\u00f3dzkie eliminacje do I Og\u00f3lnopolskiego Przegl\u0105du Musztry Klas Mundurowych. W przegl\u0105dzie Nasz\u0105 Szko\u0142\u0119 godnie reprezentowali Uczniowie klasy III LOm.<\/p>\n\n\n\n<p>Zawody zosta\u0142y przeprowadzone w dw\u00f3ch kategoriach:<\/p>\n\n\n\n<p>1. Program obowi\u0105zkowym (10 wylosowanych obowi\u0105zkowych zada\u0144 do wykonania);<\/p>\n\n\n\n<p>2. <a><\/a>Program dowolny (musztra paradna).<\/p>\n\n\n\n<p>Ka\u017cda dru\u017cyna liczy\u0142a 8 cz\u0142onk\u00f3w plus dow\u00f3dca dru\u017cyna. Dru\u017cyna Naszej Szko\u0142y wyst\u0105pi\u0142a w sk\u0142adzie: Martyna Okrzeja (dow\u00f3dca), Agnieszka Jurkowska, Magdalena Kury\u0142ek, Jakub Panufnik, Aleksander Podg\u00f3rski, Tomasz Zadro\u017cny, Wiktor K\u0119dzierski, Kacper Rogala, Kacper Padzik. Opiek\u0119 nad Uczniami sprawowa\u0142 wicedyrektor Szko\u0142y Pan Leszek Redosz.<\/p>\n\n\n\n<p>Zawodu wygra\u0142a Szko\u0142a im. 72 Pu\u0142ku Piechoty w Radomiu i to ona b\u0119dzie reprezentowa\u0142a Mazowsze w finale og\u00f3lnopolskich. Zawody odby\u0142y si\u0119 pod patronatem Ministerstwa Spraw Wewn\u0119trznych i Administracji. W\u015br\u00f3d zaproszonych go\u015bci znale\u017ali si\u0119 m.in. Komendant Wojew\u00f3dzki Policji zs. w Radomiu nadinsp. Waldemar Wo\u0142owiec, Zast\u0119pca Mazowieckiego Komendanta Wojew\u00f3dzkiego PSP st. bryg. Maciej Bie\u0144czyk, m\u0142.insp. Robert Janik \u2013 komendant policji w Radomiu oraz Rafa\u0142 G\u00f3rski \u2013 sekretarz miasta Radom.<\/p>\n\n\n\n<p>Wydarzenie u\u015bwietni\u0142 wyst\u0119p Orkiestry Grandioso z Radomia.<\/p>\n\n\n\nngg_shortcode_0_placeholder\n","protected":false},"excerpt":{"rendered":"<p>W dniu 26 wrze\u015bnia 2024 roku w Radomiu odby\u0142y si\u0119 wojew\u00f3dzkie eliminacje do I Og\u00f3lnopolskiego Przegl\u0105du Musztry Klas Mundurowych. W przegl\u0105dzie Nasz\u0105 Szko\u0142\u0119 godnie reprezentowali Uczniowie klasy III LOm. Zawody zosta\u0142y przeprowadzone w dw\u00f3ch kategoriach:<\/p>\n","protected":false},"author":1,"featured_media":15879,"comment_status":"closed","ping_status":"closed","sticky":false,"template":"","format":"standard","meta":{"ngg_post_thumbnail":0,"_themeisle_gutenberg_block_has_review":false,"jetpack_post_was_ever_published":false,"_jetpack_newsletter_access":"","_jetpack_dont_email_post_to_subs":false,"_jetpack_newsletter_tier_id":0,"_jetpack_memberships_contains_paywalled_content":false,"_jetpack_memberships_contains_paid_content":false,"footnotes":"","jetpack_publicize_message":"","jetpack_publicize_feature_enabled":true,"jetpack_social_post_already_shared":true,"jetpack_social_options":{"image_generator_settings":{"template":"highway","default_image_id":0,"font":"","enabled":false},"version":2}},"categories":[23],"tags":[],"class_list":["post-15863","post","type-post","status-publish","format-standard","has-post-thumbnail","hentry","category-klasy-mundurowe"],"jetpack_publicize_connections":[],"jetpack_featured_media_url":"https:\/\/i0.wp.com\/zsp.wegrow.pl\/wp-content\/uploads\/2024\/09\/01wyr-2.jpg?fit=850%2C294&ssl=1","jetpack_sharing_enabled":true,"jetpack_shortlink":"https:\/\/wp.me\/paT2nI-47R","_links":{"self":[{"href":"https:\/\/zsp.wegrow.pl\/index.php\/wp-json\/wp\/v2\/posts\/15863","targetHints":{"allow":["GET"]}}],"collection":[{"href":"https:\/\/zsp.wegrow.pl\/index.php\/wp-json\/wp\/v2\/posts"}],"about":[{"href":"https:\/\/zsp.wegrow.pl\/index.php\/wp-json\/wp\/v2\/types\/post"}],"author":[{"embeddable":true,"href":"https:\/\/zsp.wegrow.pl\/index.php\/wp-json\/wp\/v2\/users\/1"}],"replies":[{"embeddable":true,"href":"https:\/\/zsp.wegrow.pl\/index.php\/wp-json\/wp\/v2\/comments?post=15863"}],"version-history":[{"count":1,"href":"https:\/\/zsp.wegrow.pl\/index.php\/wp-json\/wp\/v2\/posts\/15863\/revisions"}],"predecessor-version":[{"id":15880,"href":"https:\/\/zsp.wegrow.pl\/index.php\/wp-json\/wp\/v2\/posts\/15863\/revisions\/15880"}],"wp:featuredmedia":[{"embeddable":true,"href":"https:\/\/zsp.wegrow.pl\/index.php\/wp-json\/wp\/v2\/media\/15879"}],"wp:attachment":[{"href":"https:\/\/zsp.wegrow.pl\/index.php\/wp-json\/wp\/v2\/media?parent=15863"}],"wp:term":[{"taxonomy":"category","embeddable":true,"href":"https:\/\/zsp.wegrow.pl\/index.php\/wp-json\/wp\/v2\/categories?post=15863"},{"taxonomy":"post_tag","embeddable":true,"href":"https:\/\/zsp.wegrow.pl\/index.php\/wp-json\/wp\/v2\/tags?post=15863"}],"curies":[{"name":"wp","href":"https:\/\/api.w.org\/{rel}","templated":true}]}}