{"id":16010,"date":"2024-10-16T08:28:52","date_gmt":"2024-10-16T06:28:52","guid":{"rendered":"https:\/\/zsp.wegrow.pl\/?p=16010"},"modified":"2025-09-01T12:44:22","modified_gmt":"2025-09-01T10:44:22","slug":"dzien-edukacji-narodowej-w-kochanowskim","status":"publish","type":"post","link":"https:\/\/zsp.wegrow.pl\/index.php\/2024\/10\/16\/dzien-edukacji-narodowej-w-kochanowskim\/","title":{"rendered":"Dzie\u0144 Edukacji Narodowej w Kochanowskim"},"content":{"rendered":"\n<p class=\"has-drop-cap\">Dzie\u0144 Edukacji Narodowej to okazja do wyra\u017cenia wdzi\u0119czno\u015bci za wysi\u0142ek w\u0142o\u017cony w wychowanie i wielkie serce na rzecz pracy z m\u0142odzie\u017c\u0105.<\/p>\n\n\n\n<p>Zgromadzonych powita\u0142 Wicedyrektor pan Leszek Redosz. Dyrektor Joanna Go\u0142\u0119biewska-Kokoszka odczyta\u0142a \u017cyczenia Starosty W\u0119growskiego pani Ewy Besztak z okazji Dnia Edukacji Narodowej dla wszystkich pracownik\u00f3w szko\u0142y. Dyrektor, wr\u0119czaj\u0105c nagrody dla nauczycieli i pracownik\u00f3w podzi\u0119kowa\u0142a za zaanga\u017cowanie, <a><\/a>pogratulowa\u0142a i \u017cyczy\u0142a wszystkim z okazji Dnia Edukacji Narodowej wielu sukces\u00f3w, kt\u00f3re b\u0119d\u0105 powodem satysfakcji, spe\u0142nienia zawodowego, rado\u015bci w ka\u017cdym dniu pracy, wszelkiej pomy\u015blno\u015bci oraz poczucia wa\u017cno\u015bci wykonywanego zawodu, wzajemnego szacunku, zgody oraz wielu si\u0142 i zdrowia.<\/p>\n\n\n\n<p>Apel z okazji Dnia Edukacji Narodowej przygotowali uczniowie Zespo\u0142u Szk\u00f3\u0142 Ponadpodstawowych im. Jana Kochanowskiego w W\u0119growie: Dominika Myrcha, Karol Kocon, Izabela Go\u0142\u0119biewska, Kamil Zalewski, Zuzanna Brzoza, Mateusz Boguszewski, Rados\u0142aw Wojty\u0144ski, Krystian Perka, Bartosz Sawicki, Bartosz Strupiechowski, \u0141ukasz Pachnik, Kacper Skwara, Izabela Parys, Bartosz Rowicki, Kamil Komorowski.<\/p>\n\n\n\n<p>Poczet sztandarowy w sk\u0142adzie: Marcin Bagi\u0144ski, Justyna Wiel\u0105dek, Natalia Bardadyn.<\/p>\n\n\n\n<p>Spotkanie u\u015bwietni\u0142 wyst\u0119p szkolnego zespo\u0142u muzycznego w sk\u0142adzie: Marta Gawor, Kinga Malinowska, Natalia Pikulska, Justyna Suchocka, Klaudia Bu\u015bko, Alicja Bu\u015bko, Zuzanna Bartoszewska, Julia Jasi\u0144ska, Ma\u0142gorzata Skibniewska, Julia Sowa, Franciszek Grabowski, Sebastian Rostek.<\/p>\n\n\n\n<p>A s\u0142odk\u0105 niespodziank\u0119 dla wszystkich zebranych przygotowali uczniowie z Samorz\u0105du Uczniowskiego.<\/p>\n\n\n\n<p>Serdeczne podzi\u0119kowania dla nauczycieli: pani Edyty Kozie\u0142, pani Magdaleny Ceglarskiej-Kowal, pani Moniki Krasnod\u0119bskiej, pani Emilii Marcheli, pani Agnieszki Szczepa\u0144skiej, pani Katarzyny Grendy, pani Brygidy Str\u0105k, pana Mariana Pacz\u00f3skiego oraz pani Doroty Borys wraz z pracownikami za przygotowanie dzisiejszego spotkania.<\/p>\n\n\n\n<p>Zdj\u0119cia: Aleksandra Bodzon, Leszek Redosz<\/p>\n\n\n\nngg_shortcode_0_placeholder\n","protected":false},"excerpt":{"rendered":"<p>Dzie\u0144 Edukacji Narodowej to okazja do wyra\u017cenia wdzi\u0119czno\u015bci za wysi\u0142ek w\u0142o\u017cony w wychowanie i wielkie serce na rzecz pracy z m\u0142odzie\u017c\u0105. Zgromadzonych powita\u0142 Wicedyrektor pan Leszek Redosz. Dyrektor Joanna Go\u0142\u0119biewska-Kokoszka odczyta\u0142a \u017cyczenia Starosty W\u0119growskiego pani<\/p>\n","protected":false},"author":1,"featured_media":16038,"comment_status":"closed","ping_status":"closed","sticky":false,"template":"","format":"standard","meta":{"ngg_post_thumbnail":0,"_themeisle_gutenberg_block_has_review":false,"jetpack_post_was_ever_published":false,"_jetpack_newsletter_access":"","_jetpack_dont_email_post_to_subs":false,"_jetpack_newsletter_tier_id":0,"_jetpack_memberships_contains_paywalled_content":false,"_jetpack_memberships_contains_paid_content":false,"footnotes":"","jetpack_publicize_message":"","jetpack_publicize_feature_enabled":true,"jetpack_social_post_already_shared":true,"jetpack_social_options":{"image_generator_settings":{"template":"highway","default_image_id":0,"font":"","enabled":false},"version":2}},"categories":[38],"tags":[],"class_list":["post-16010","post","type-post","status-publish","format-standard","has-post-thumbnail","hentry","category-uroczystosci"],"jetpack_publicize_connections":[],"jetpack_featured_media_url":"https:\/\/i0.wp.com\/zsp.wegrow.pl\/wp-content\/uploads\/2024\/10\/03wyr_.jpg?fit=850%2C657&ssl=1","jetpack_sharing_enabled":true,"jetpack_shortlink":"https:\/\/wp.me\/paT2nI-4ae","_links":{"self":[{"href":"https:\/\/zsp.wegrow.pl\/index.php\/wp-json\/wp\/v2\/posts\/16010","targetHints":{"allow":["GET"]}}],"collection":[{"href":"https:\/\/zsp.wegrow.pl\/index.php\/wp-json\/wp\/v2\/posts"}],"about":[{"href":"https:\/\/zsp.wegrow.pl\/index.php\/wp-json\/wp\/v2\/types\/post"}],"author":[{"embeddable":true,"href":"https:\/\/zsp.wegrow.pl\/index.php\/wp-json\/wp\/v2\/users\/1"}],"replies":[{"embeddable":true,"href":"https:\/\/zsp.wegrow.pl\/index.php\/wp-json\/wp\/v2\/comments?post=16010"}],"version-history":[{"count":1,"href":"https:\/\/zsp.wegrow.pl\/index.php\/wp-json\/wp\/v2\/posts\/16010\/revisions"}],"predecessor-version":[{"id":16037,"href":"https:\/\/zsp.wegrow.pl\/index.php\/wp-json\/wp\/v2\/posts\/16010\/revisions\/16037"}],"wp:featuredmedia":[{"embeddable":true,"href":"https:\/\/zsp.wegrow.pl\/index.php\/wp-json\/wp\/v2\/media\/16038"}],"wp:attachment":[{"href":"https:\/\/zsp.wegrow.pl\/index.php\/wp-json\/wp\/v2\/media?parent=16010"}],"wp:term":[{"taxonomy":"category","embeddable":true,"href":"https:\/\/zsp.wegrow.pl\/index.php\/wp-json\/wp\/v2\/categories?post=16010"},{"taxonomy":"post_tag","embeddable":true,"href":"https:\/\/zsp.wegrow.pl\/index.php\/wp-json\/wp\/v2\/tags?post=16010"}],"curies":[{"name":"wp","href":"https:\/\/api.w.org\/{rel}","templated":true}]}}