{"id":16228,"date":"2024-11-10T15:04:10","date_gmt":"2024-11-10T14:04:10","guid":{"rendered":"https:\/\/zsp.wegrow.pl\/?p=16228"},"modified":"2025-09-01T12:42:36","modified_gmt":"2025-09-01T10:42:36","slug":"106-rocznica-odzyskania-niepodleglosci","status":"publish","type":"post","link":"https:\/\/zsp.wegrow.pl\/index.php\/2024\/11\/10\/106-rocznica-odzyskania-niepodleglosci\/","title":{"rendered":"106 rocznica odzyskania niepodleg\u0142o\u015bci"},"content":{"rendered":"\n<p>W 2024 roku obchodzimy 106. rocznic\u0119 odzyskania niepodleg\u0142o\u015bci dla upami\u0119tnienia odzyskania wolno\u015bci i suwerenno\u015bci przez pa\u0144stwo polskie w 1918 r.<br>Pami\u0119tajmy o tych, kt\u00f3rzy kiedy\u015b zachowali wiar\u0119 w odrodzenie pa\u0144stwa polskiego.<br>Cze\u015b\u0107 i chwa\u0142a bohaterom!<\/p>\n","protected":false},"excerpt":{"rendered":"<p>W 2024 roku obchodzimy 106. rocznic\u0119 odzyskania niepodleg\u0142o\u015bci dla upami\u0119tnienia odzyskania wolno\u015bci i suwerenno\u015bci przez pa\u0144stwo polskie w 1918 r.Pami\u0119tajmy o tych, kt\u00f3rzy kiedy\u015b zachowali wiar\u0119 w odrodzenie pa\u0144stwa polskiego.Cze\u015b\u0107 i chwa\u0142a bohaterom!<\/p>\n","protected":false},"author":1,"featured_media":16229,"comment_status":"closed","ping_status":"closed","sticky":false,"template":"","format":"standard","meta":{"ngg_post_thumbnail":0,"_themeisle_gutenberg_block_has_review":false,"jetpack_post_was_ever_published":false,"_jetpack_newsletter_access":"","_jetpack_dont_email_post_to_subs":false,"_jetpack_newsletter_tier_id":0,"_jetpack_memberships_contains_paywalled_content":false,"_jetpack_memberships_contains_paid_content":false,"footnotes":"","jetpack_publicize_message":"","jetpack_publicize_feature_enabled":true,"jetpack_social_post_already_shared":true,"jetpack_social_options":{"image_generator_settings":{"template":"highway","default_image_id":0,"font":"","enabled":false},"version":2}},"categories":[53],"tags":[],"class_list":["post-16228","post","type-post","status-publish","format-standard","has-post-thumbnail","hentry","category-rocznice"],"jetpack_publicize_connections":[],"jetpack_featured_media_url":"https:\/\/i0.wp.com\/zsp.wegrow.pl\/wp-content\/uploads\/2024\/11\/11-Listopada-850-x-478-px.jpg?fit=850%2C478&ssl=1","jetpack_sharing_enabled":true,"jetpack_shortlink":"https:\/\/wp.me\/paT2nI-4dK","_links":{"self":[{"href":"https:\/\/zsp.wegrow.pl\/index.php\/wp-json\/wp\/v2\/posts\/16228","targetHints":{"allow":["GET"]}}],"collection":[{"href":"https:\/\/zsp.wegrow.pl\/index.php\/wp-json\/wp\/v2\/posts"}],"about":[{"href":"https:\/\/zsp.wegrow.pl\/index.php\/wp-json\/wp\/v2\/types\/post"}],"author":[{"embeddable":true,"href":"https:\/\/zsp.wegrow.pl\/index.php\/wp-json\/wp\/v2\/users\/1"}],"replies":[{"embeddable":true,"href":"https:\/\/zsp.wegrow.pl\/index.php\/wp-json\/wp\/v2\/comments?post=16228"}],"version-history":[{"count":1,"href":"https:\/\/zsp.wegrow.pl\/index.php\/wp-json\/wp\/v2\/posts\/16228\/revisions"}],"predecessor-version":[{"id":16230,"href":"https:\/\/zsp.wegrow.pl\/index.php\/wp-json\/wp\/v2\/posts\/16228\/revisions\/16230"}],"wp:featuredmedia":[{"embeddable":true,"href":"https:\/\/zsp.wegrow.pl\/index.php\/wp-json\/wp\/v2\/media\/16229"}],"wp:attachment":[{"href":"https:\/\/zsp.wegrow.pl\/index.php\/wp-json\/wp\/v2\/media?parent=16228"}],"wp:term":[{"taxonomy":"category","embeddable":true,"href":"https:\/\/zsp.wegrow.pl\/index.php\/wp-json\/wp\/v2\/categories?post=16228"},{"taxonomy":"post_tag","embeddable":true,"href":"https:\/\/zsp.wegrow.pl\/index.php\/wp-json\/wp\/v2\/tags?post=16228"}],"curies":[{"name":"wp","href":"https:\/\/api.w.org\/{rel}","templated":true}]}}