{"id":16255,"date":"2024-11-12T09:42:07","date_gmt":"2024-11-12T08:42:07","guid":{"rendered":"https:\/\/zsp.wegrow.pl\/?p=16255"},"modified":"2025-09-01T12:42:19","modified_gmt":"2025-09-01T10:42:19","slug":"obchody-narodowego-swieta-niepodleglosci","status":"publish","type":"post","link":"https:\/\/zsp.wegrow.pl\/index.php\/2024\/11\/12\/obchody-narodowego-swieta-niepodleglosci\/","title":{"rendered":"Obchody Narodowego \u015awi\u0119ta Niepodleg\u0142o\u015bci"},"content":{"rendered":"\n<p class=\"has-drop-cap\">Z okazji 106. rocznicy odzyskania przez Polsk\u0119 niepodleg\u0142o\u015bci 11 listopada 2024r. w W\u0119growie odby\u0142y si\u0119 uroczysto\u015bci, w kt\u00f3rych udzia\u0142 wzi\u0105\u0142 poczet sztandarowy Zespo\u0142u Szk\u00f3\u0142 Ponadpodstawowych im. Jana Kochanowskiego. <a><\/a>W Bazylice Mniejszej w W\u0119growie odprawiona zosta\u0142a Msza \u015bw. w intencji Ojczyzny z udzia\u0142em poczt\u00f3w sztandarowych, a po Mszy \u015bw. z\u0142o\u017cono kwiaty pod pomnikiem Marsza\u0142ka J\u00f3zefa Pi\u0142sudskiego.<\/p>\n\n\n\n<p>Dzi\u0119kujemy uczniom za udzia\u0142 w uroczysto\u015bciach \u2013 Natalii Pikulskiej i Kindze Malinowskiej z klasy 4 ek oraz Dawidowi Skibi\u0144skiemu z klasy 4i.<\/p>\n\n\n\n<p>Opiek\u0119 nad m\u0142odzie\u017c\u0105 sprawowali: pan wicedyrektor Leszek Redosz i pani dyrektor Joanna Go\u0142\u0119biewska-Kokoszka.<\/p>\n\n\n\n<p>Foto.: Leszek Redosz<\/p>\n\n\n\nngg_shortcode_0_placeholder\n","protected":false},"excerpt":{"rendered":"<p>Z okazji 106. rocznicy odzyskania przez Polsk\u0119 niepodleg\u0142o\u015bci 11 listopada 2024r. w W\u0119growie odby\u0142y si\u0119 uroczysto\u015bci, w kt\u00f3rych udzia\u0142 wzi\u0105\u0142 poczet sztandarowy Zespo\u0142u Szk\u00f3\u0142 Ponadpodstawowych im. Jana Kochanowskiego. W Bazylice Mniejszej w W\u0119growie odprawiona zosta\u0142a<\/p>\n","protected":false},"author":1,"featured_media":16267,"comment_status":"closed","ping_status":"closed","sticky":false,"template":"","format":"standard","meta":{"ngg_post_thumbnail":0,"_themeisle_gutenberg_block_has_review":false,"jetpack_post_was_ever_published":false,"_jetpack_newsletter_access":"","_jetpack_dont_email_post_to_subs":false,"_jetpack_newsletter_tier_id":0,"_jetpack_memberships_contains_paywalled_content":false,"_jetpack_memberships_contains_paid_content":false,"footnotes":"","jetpack_publicize_message":"","jetpack_publicize_feature_enabled":true,"jetpack_social_post_already_shared":true,"jetpack_social_options":{"image_generator_settings":{"template":"highway","default_image_id":0,"font":"","enabled":false},"version":2}},"categories":[53],"tags":[],"class_list":["post-16255","post","type-post","status-publish","format-standard","has-post-thumbnail","hentry","category-rocznice"],"jetpack_publicize_connections":[],"jetpack_featured_media_url":"https:\/\/i0.wp.com\/zsp.wegrow.pl\/wp-content\/uploads\/2024\/11\/10wyr.jpg?fit=850%2C461&ssl=1","jetpack_sharing_enabled":true,"jetpack_shortlink":"https:\/\/wp.me\/paT2nI-4eb","_links":{"self":[{"href":"https:\/\/zsp.wegrow.pl\/index.php\/wp-json\/wp\/v2\/posts\/16255","targetHints":{"allow":["GET"]}}],"collection":[{"href":"https:\/\/zsp.wegrow.pl\/index.php\/wp-json\/wp\/v2\/posts"}],"about":[{"href":"https:\/\/zsp.wegrow.pl\/index.php\/wp-json\/wp\/v2\/types\/post"}],"author":[{"embeddable":true,"href":"https:\/\/zsp.wegrow.pl\/index.php\/wp-json\/wp\/v2\/users\/1"}],"replies":[{"embeddable":true,"href":"https:\/\/zsp.wegrow.pl\/index.php\/wp-json\/wp\/v2\/comments?post=16255"}],"version-history":[{"count":1,"href":"https:\/\/zsp.wegrow.pl\/index.php\/wp-json\/wp\/v2\/posts\/16255\/revisions"}],"predecessor-version":[{"id":16268,"href":"https:\/\/zsp.wegrow.pl\/index.php\/wp-json\/wp\/v2\/posts\/16255\/revisions\/16268"}],"wp:featuredmedia":[{"embeddable":true,"href":"https:\/\/zsp.wegrow.pl\/index.php\/wp-json\/wp\/v2\/media\/16267"}],"wp:attachment":[{"href":"https:\/\/zsp.wegrow.pl\/index.php\/wp-json\/wp\/v2\/media?parent=16255"}],"wp:term":[{"taxonomy":"category","embeddable":true,"href":"https:\/\/zsp.wegrow.pl\/index.php\/wp-json\/wp\/v2\/categories?post=16255"},{"taxonomy":"post_tag","embeddable":true,"href":"https:\/\/zsp.wegrow.pl\/index.php\/wp-json\/wp\/v2\/tags?post=16255"}],"curies":[{"name":"wp","href":"https:\/\/api.w.org\/{rel}","templated":true}]}}