{"id":1635,"date":"2019-06-05T09:18:44","date_gmt":"2019-06-05T07:18:44","guid":{"rendered":"http:\/\/zsp.wegrow.pl\/?p=1635"},"modified":"2019-06-05T09:18:44","modified_gmt":"2019-06-05T07:18:44","slug":"dzien-strazaka","status":"publish","type":"post","link":"https:\/\/zsp.wegrow.pl\/index.php\/2019\/06\/05\/dzien-strazaka\/","title":{"rendered":"Dzie\u0144 Stra\u017caka"},"content":{"rendered":"\n<p class=\"has-drop-cap\"> Uczniowie klas mundurowych II Liceum Og\u00f3lnokszta\u0142c\u0105cego wraz z dyrektorem szko\u0142y &#8211; panem Jackiem Nowotniakiem i wychowawcami \u2013 pani\u0105 El\u017cbiet\u0105 \u017bo\u0142\u0119dowsk\u0105 i pani\u0105 Edyt\u0105 Kozie\u0142 uczestniczyli w obchodach Dnia Stra\u017caka, kt\u00f3re odby\u0142y si\u0119 3 czerwca w Komendzie Powiatowej Pa\u0144stwowej Stra\u017cy Po\u017carnej w W\u0119growie. Na uroczysto\u015bci uhonorowano zas\u0142u\u017conych stra\u017cak\u00f3w, z\u0142o\u017cono podzi\u0119kowania przedstawicielom organizacji, instytucji i podmiot\u00f3w, kt\u00f3re wspieraj\u0105 dzia\u0142alno\u015b\u0107 ratownicz\u0105 oraz podsumowano prac\u0119 w minionym roku.\u00a0<br>Dzi\u0119kujemy Komendantowi st. bryg. Panu Jaros\u0142awowi Soszy\u0144skiemu za zaproszenie. <\/p>\n\n\n\nngg_shortcode_0_placeholder\n","protected":false},"excerpt":{"rendered":"<p>Uczniowie klas mundurowych II Liceum Og\u00f3lnokszta\u0142c\u0105cego wraz z dyrektorem szko\u0142y &#8211; panem Jackiem Nowotniakiem i wychowawcami \u2013 pani\u0105 El\u017cbiet\u0105 \u017bo\u0142\u0119dowsk\u0105 i pani\u0105 Edyt\u0105 Kozie\u0142 uczestniczyli w obchodach Dnia Stra\u017caka, kt\u00f3re odby\u0142y si\u0119 3 czerwca w<\/p>\n","protected":false},"author":1,"featured_media":1636,"comment_status":"closed","ping_status":"closed","sticky":false,"template":"","format":"standard","meta":{"ngg_post_thumbnail":0,"_themeisle_gutenberg_block_has_review":false,"jetpack_post_was_ever_published":false,"_jetpack_newsletter_access":"","_jetpack_dont_email_post_to_subs":false,"_jetpack_newsletter_tier_id":0,"_jetpack_memberships_contains_paywalled_content":false,"_jetpack_memberships_contains_paid_content":false,"footnotes":"","jetpack_publicize_message":"","jetpack_publicize_feature_enabled":true,"jetpack_social_post_already_shared":true,"jetpack_social_options":{"image_generator_settings":{"template":"highway","default_image_id":0,"font":"","enabled":false},"version":2}},"categories":[23],"tags":[],"class_list":["post-1635","post","type-post","status-publish","format-standard","has-post-thumbnail","hentry","category-klasy-mundurowe"],"jetpack_publicize_connections":[],"jetpack_featured_media_url":"https:\/\/i0.wp.com\/zsp.wegrow.pl\/wp-content\/uploads\/2019\/06\/01-3.jpg?fit=2048%2C1590&ssl=1","jetpack_sharing_enabled":true,"jetpack_shortlink":"https:\/\/wp.me\/paT2nI-qn","_links":{"self":[{"href":"https:\/\/zsp.wegrow.pl\/index.php\/wp-json\/wp\/v2\/posts\/1635","targetHints":{"allow":["GET"]}}],"collection":[{"href":"https:\/\/zsp.wegrow.pl\/index.php\/wp-json\/wp\/v2\/posts"}],"about":[{"href":"https:\/\/zsp.wegrow.pl\/index.php\/wp-json\/wp\/v2\/types\/post"}],"author":[{"embeddable":true,"href":"https:\/\/zsp.wegrow.pl\/index.php\/wp-json\/wp\/v2\/users\/1"}],"replies":[{"embeddable":true,"href":"https:\/\/zsp.wegrow.pl\/index.php\/wp-json\/wp\/v2\/comments?post=1635"}],"version-history":[{"count":1,"href":"https:\/\/zsp.wegrow.pl\/index.php\/wp-json\/wp\/v2\/posts\/1635\/revisions"}],"predecessor-version":[{"id":1646,"href":"https:\/\/zsp.wegrow.pl\/index.php\/wp-json\/wp\/v2\/posts\/1635\/revisions\/1646"}],"wp:featuredmedia":[{"embeddable":true,"href":"https:\/\/zsp.wegrow.pl\/index.php\/wp-json\/wp\/v2\/media\/1636"}],"wp:attachment":[{"href":"https:\/\/zsp.wegrow.pl\/index.php\/wp-json\/wp\/v2\/media?parent=1635"}],"wp:term":[{"taxonomy":"category","embeddable":true,"href":"https:\/\/zsp.wegrow.pl\/index.php\/wp-json\/wp\/v2\/categories?post=1635"},{"taxonomy":"post_tag","embeddable":true,"href":"https:\/\/zsp.wegrow.pl\/index.php\/wp-json\/wp\/v2\/tags?post=1635"}],"curies":[{"name":"wp","href":"https:\/\/api.w.org\/{rel}","templated":true}]}}