{"id":1647,"date":"2019-06-05T22:31:38","date_gmt":"2019-06-05T20:31:38","guid":{"rendered":"http:\/\/zsp.wegrow.pl\/?p=1647"},"modified":"2021-11-30T09:36:21","modified_gmt":"2021-11-30T08:36:21","slug":"v-festyn-rodzin-zastepczych-cd","status":"publish","type":"post","link":"https:\/\/zsp.wegrow.pl\/index.php\/2019\/06\/05\/v-festyn-rodzin-zastepczych-cd\/","title":{"rendered":"V Festyn Rodzin Zast\u0119pczych &#8211; cd."},"content":{"rendered":"\n<p class=\"has-drop-cap\">Uczniowie Zespo\u0142u Szk\u00f3\u0142 Ponadgimnazjalnych im. Jana Kochanowskiego w W\u0119growie uczestniczyli w V Festynie Rodzin Zast\u0119pczych, kt\u00f3ry odby\u0142 si\u0119 w niedziel\u0119 2 czerwca. To impreza cykliczna organizowana przez Powiatowe Centrum Pomocy Rodzinie oraz Parafi\u0119 Ojca Pio w W\u0119growie. Tegoroczne spotkanie by\u0142o po\u0142\u0105czone z dwoma innymi wydarzeniami \u2013 otwarciem kompleksu sportowo-rekreacyjnego przy Parafii Ojca Pio oraz wielkim fina\u0142em og\u00f3lnopolskiej akcji \u201eKilometry dobra\u201d. Festyn rozpocz\u0105\u0142&nbsp;si\u0119 msz\u0105 \u015bwi\u0119t\u0105. Po mszy przy ko\u015bciele zosta\u0142 otwarty kompleks sportowo-rekreacyjny. W meczu otwarcia na nowej murawie zmierzy\u0142y si\u0119 dru\u017cyny stra\u017cy po\u017carnej i policji.&nbsp;<br>Nasza szko\u0142a aktywnie w\u0142\u0105czy\u0142a si\u0119 w organizacj\u0119 tego wydarzenia. Przygotowali\u015bmy wiele atrakcji i niespodzianek, z kt\u00f3rych mogli skorzysta\u0107 uczestnicy imprezy. S\u0142oneczna pogoda&nbsp;<br>i moc atrakcji wp\u0142yn\u0119\u0142a na doskona\u0142\u0105 zabaw\u0119. Konkursy i atrakcje zorganizowane przez naszych uczni\u00f3w cieszy\u0142y si\u0119 ogromnym powodzeniem. Szkolne Ko\u0142o Caritas zaprosi\u0142o na kiermasz ciast, kaw\u0119 i herbat\u0119. Kupuj\u0105cy ciasto mieli okazj\u0119 wesprze\u0107 Doris Kananu podopieczn\u0105 Akcji Adopcja na odleg\u0142o\u015b\u0107. Zabawy i konkursy sportowe organizowane&nbsp;<br>i prowadzone przez uczennice Siatkarskiego O\u015brodka Szkolnego przy ZSP, salon fryzjerski dla najm\u0142odszych w plenerze oraz malowanie twarzy zapewni\u0142y du\u017co wra\u017ce\u0144 najm\u0142odszym uczestnikom festynu, bardzo mi\u0142ym akcentem imprezy by\u0142 wyst\u0119p szkolnego zespo\u0142u wokalno \u2013 muzycznego. Uczestnicy festynu mogli podziwia\u0107 wystaw\u0119 prac naszych uczennic oraz mieli mo\u017cliwo\u015b\u0107 zakupu grafiki i r\u0119kodzie\u0142a.<br>Na Festynie Rodzin Zast\u0119pczych obecny by\u0142 Ks. bp prof. dr hab. Tadeusz Pikus, kt\u00f3ry odwiedzi\u0142 r\u00f3wnie\u017c stoisko naszej szko\u0142y.<br>Dzi\u0119kujemy za zaproszenie Dyrektor Powiatowego Centrum Pomocy Rodzinie w W\u0119growie \u2013 Pani Jadwidze Snopkiewicz oraz Proboszczowi Parafii \u015aw. Ojca Pio w W\u0119growie \u2013 Ksi\u0119dzu Andrzejowi Falkowskiemu.&nbsp;<br>Dyrekcja sk\u0142ada serdeczne podzi\u0119kowania uczniom naszej szko\u0142y i ich rodzicom za zaanga\u017cowanie i pomoc w organizacji stoiska, w tym w szczeg\u00f3lno\u015bci za przygotowanie ciast na kiermasz. Dzi\u0119kujemy bardzo gor\u0105co nauczycielom za obecno\u015b\u0107, wsparcie organizacyjne i opiek\u0119 nad uczniami, Pani Brygidzie Str\u0105k, Irenie Sta\u0144czyk, Beacie Kubiak-Sie\u0144ko, Edycie Kozie\u0142). Dzi\u0119kujemy r\u00f3wnie\u017c kierownikowi Panu Zbigniewowi Kwice za jak zwykle ogromne zaanga\u017cowanie i wparcie logistyczne naszego przedsi\u0119wzi\u0119cia.<\/p>\n\n\n\n<p>Fot. Janusz Baum.<\/p>\n\n\n\nngg_shortcode_0_placeholder\n","protected":false},"excerpt":{"rendered":"<p>Uczniowie Zespo\u0142u Szk\u00f3\u0142 Ponadgimnazjalnych im. Jana Kochanowskiego w W\u0119growie uczestniczyli w V Festynie Rodzin Zast\u0119pczych, kt\u00f3ry odby\u0142 si\u0119 w niedziel\u0119 2 czerwca. To impreza cykliczna organizowana przez Powiatowe Centrum Pomocy Rodzinie oraz Parafi\u0119 Ojca Pio<\/p>\n","protected":false},"author":1,"featured_media":1648,"comment_status":"closed","ping_status":"closed","sticky":false,"template":"","format":"standard","meta":{"ngg_post_thumbnail":0,"_themeisle_gutenberg_block_has_review":false,"jetpack_post_was_ever_published":false,"_jetpack_newsletter_access":"","_jetpack_dont_email_post_to_subs":false,"_jetpack_newsletter_tier_id":0,"_jetpack_memberships_contains_paywalled_content":false,"_jetpack_memberships_contains_paid_content":false,"footnotes":"","jetpack_publicize_message":"","jetpack_publicize_feature_enabled":true,"jetpack_social_post_already_shared":true,"jetpack_social_options":{"image_generator_settings":{"template":"highway","default_image_id":0,"font":"","enabled":false},"version":2}},"categories":[],"tags":[],"class_list":["post-1647","post","type-post","status-publish","format-standard","has-post-thumbnail","hentry"],"jetpack_publicize_connections":[],"jetpack_featured_media_url":"https:\/\/i0.wp.com\/zsp.wegrow.pl\/wp-content\/uploads\/2019\/06\/01-4.jpg?fit=7680%2C3344&ssl=1","jetpack_sharing_enabled":true,"jetpack_shortlink":"https:\/\/wp.me\/paT2nI-qz","_links":{"self":[{"href":"https:\/\/zsp.wegrow.pl\/index.php\/wp-json\/wp\/v2\/posts\/1647","targetHints":{"allow":["GET"]}}],"collection":[{"href":"https:\/\/zsp.wegrow.pl\/index.php\/wp-json\/wp\/v2\/posts"}],"about":[{"href":"https:\/\/zsp.wegrow.pl\/index.php\/wp-json\/wp\/v2\/types\/post"}],"author":[{"embeddable":true,"href":"https:\/\/zsp.wegrow.pl\/index.php\/wp-json\/wp\/v2\/users\/1"}],"replies":[{"embeddable":true,"href":"https:\/\/zsp.wegrow.pl\/index.php\/wp-json\/wp\/v2\/comments?post=1647"}],"version-history":[{"count":3,"href":"https:\/\/zsp.wegrow.pl\/index.php\/wp-json\/wp\/v2\/posts\/1647\/revisions"}],"predecessor-version":[{"id":6946,"href":"https:\/\/zsp.wegrow.pl\/index.php\/wp-json\/wp\/v2\/posts\/1647\/revisions\/6946"}],"wp:featuredmedia":[{"embeddable":true,"href":"https:\/\/zsp.wegrow.pl\/index.php\/wp-json\/wp\/v2\/media\/1648"}],"wp:attachment":[{"href":"https:\/\/zsp.wegrow.pl\/index.php\/wp-json\/wp\/v2\/media?parent=1647"}],"wp:term":[{"taxonomy":"category","embeddable":true,"href":"https:\/\/zsp.wegrow.pl\/index.php\/wp-json\/wp\/v2\/categories?post=1647"},{"taxonomy":"post_tag","embeddable":true,"href":"https:\/\/zsp.wegrow.pl\/index.php\/wp-json\/wp\/v2\/tags?post=1647"}],"curies":[{"name":"wp","href":"https:\/\/api.w.org\/{rel}","templated":true}]}}