{"id":16540,"date":"2024-12-09T11:03:49","date_gmt":"2024-12-09T10:03:49","guid":{"rendered":"https:\/\/zsp.wegrow.pl\/?p=16540"},"modified":"2025-09-01T12:08:42","modified_gmt":"2025-09-01T10:08:42","slug":"iii-mistrzostwa-zsp-w-podciaganiu-na-drazku","status":"publish","type":"post","link":"https:\/\/zsp.wegrow.pl\/index.php\/2024\/12\/09\/iii-mistrzostwa-zsp-w-podciaganiu-na-drazku\/","title":{"rendered":"III Mistrzostwa ZSP w Podci\u0105ganiu na dr\u0105\u017cku"},"content":{"rendered":"\n<p>Dnia 4 grudnia br. w Zespole Szk\u00f3\u0142 Ponadpodstawowych im. Jana Kochanowskiego w W\u0119growie, odby\u0142y si\u0119 III Mistrzostwa ZSP w Podci\u0105ganiu na dr\u0105\u017cku. W tegorocznych zmaganiach wzi\u0119\u0142o udzia\u0142 a\u017c 19 uczni\u00f3w oraz 2 uczennice.<\/p>\n\n\n\n<p>Po zaci\u0119tej i bardzo emocjonuj\u0105cej walce w <a><\/a>kategorii ch\u0142opc\u00f3w pierwsze miejsce zaj\u0105\u0142 ucze\u0144 klasy 2 Loo, Krystian Ufnal z a\u017c 21 podci\u0105gni\u0119ciami w czasie zaledwie 00:54 . Drugie miejsce zaj\u0105\u0142 ucze\u0144 z klasy 3 Lom, Jakub Panufnik z tak\u0105 sam\u0105 ilo\u015bci\u0105 podci\u0105gni\u0119\u0107 lecz gorszym czasem \u2013 21 podci\u0105gni\u0119\u0107, czas 01:21 . Na miejscu trzecim uplasowa\u0142 si\u0119 ucze\u0144 z klasy 2 i, Egor Komorsky z ilo\u015bci\u0105 20 podci\u0105gni\u0119\u0107. W kategorii dziewcz\u0105t w tym roku mieli\u015bmy dwie odwa\u017cne panie, kt\u00f3re stoczy\u0142y ze sob\u0105 zaci\u0119ty b\u00f3j. Na pierwszym miejscu z ilo\u015bci\u0105 a\u017c 16 podci\u0105gni\u0119\u0107 w czasie zaledwie 00:40 mamy uczennic\u0119 klasy 3 Lom, Martyn\u0119 Okrzej\u0119. Drugie miejsce z wynikiem 2 podci\u0105gni\u0119\u0107 zaj\u0119\u0142a uczennica klasy 2 Loo Zofia Gorczyca.<\/p>\n\n\n\n<p>Oficjalnego otwarcia zawod\u00f3w dokonali Pani dyrektor Joanna Go\u0142\u0119biewska-Kokoszka i Pan wicedyrektor Leszek Redosz, kt\u00f3rzy podzi\u0119kowali za zorganizowanie zawod\u00f3w i \u017cyczyli powodzenie uczestnikom oraz dobrej sportowej rywalizacji. Zmagania mistrzowskie obserwowa\u0142a Pani Starosta Ewa Besztak, kt\u00f3ra na zako\u0144czenie wr\u0119czy\u0142a zwyci\u0119zcom Nagrody a dla wszystkich uczestnik\u00f3w \u015bwi\u0105teczne upominki. Pani Starosta podzi\u0119kowa\u0142a za zorganizowanie ciekawych zawod\u00f3w, zawodnikom pogratulowa\u0142a wzi\u0119cia udzia\u0142u w zmaganiach a wszystkim z\u0142o\u017cy\u0142a \u015bwi\u0105teczne \u017cyczenia.<\/p>\n\n\n\n<p>Tegoroczne Mistrzostwa, kt\u00f3re zorganizowa\u0142 Pan Jaros\u0142aw Besztak, odby\u0142y si\u0119 w bardzo pozytywnej atmosferze, za\u015b kibice dbali o to aby dopingowa\u0107 ka\u017cdego z uczestnik\u00f3w.<\/p>\n\n\n\n<p>Fot.: Aleksandra Bodzon, Starostwo Powiatowe w W\u0119growie<\/p>\n\n\n\nngg_shortcode_0_placeholder\n","protected":false},"excerpt":{"rendered":"<p>Dnia 4 grudnia br. w Zespole Szk\u00f3\u0142 Ponadpodstawowych im. Jana Kochanowskiego w W\u0119growie, odby\u0142y si\u0119 III Mistrzostwa ZSP w Podci\u0105ganiu na dr\u0105\u017cku. W tegorocznych zmaganiach wzi\u0119\u0142o udzia\u0142 a\u017c 19 uczni\u00f3w oraz 2 uczennice. Po zaci\u0119tej<\/p>\n","protected":false},"author":1,"featured_media":16571,"comment_status":"closed","ping_status":"closed","sticky":false,"template":"","format":"standard","meta":{"ngg_post_thumbnail":0,"_themeisle_gutenberg_block_has_review":false,"jetpack_post_was_ever_published":false,"_jetpack_newsletter_access":"","_jetpack_dont_email_post_to_subs":false,"_jetpack_newsletter_tier_id":0,"_jetpack_memberships_contains_paywalled_content":false,"_jetpack_memberships_contains_paid_content":false,"footnotes":"","jetpack_publicize_message":"","jetpack_publicize_feature_enabled":true,"jetpack_social_post_already_shared":true,"jetpack_social_options":{"image_generator_settings":{"template":"highway","default_image_id":0,"font":"","enabled":false},"version":2}},"categories":[32],"tags":[],"class_list":["post-16540","post","type-post","status-publish","format-standard","has-post-thumbnail","hentry","category-zawody"],"jetpack_publicize_connections":[],"jetpack_featured_media_url":"https:\/\/i0.wp.com\/zsp.wegrow.pl\/wp-content\/uploads\/2024\/12\/28wyr.jpg?fit=740%2C407&ssl=1","jetpack_sharing_enabled":true,"jetpack_shortlink":"https:\/\/wp.me\/paT2nI-4iM","_links":{"self":[{"href":"https:\/\/zsp.wegrow.pl\/index.php\/wp-json\/wp\/v2\/posts\/16540","targetHints":{"allow":["GET"]}}],"collection":[{"href":"https:\/\/zsp.wegrow.pl\/index.php\/wp-json\/wp\/v2\/posts"}],"about":[{"href":"https:\/\/zsp.wegrow.pl\/index.php\/wp-json\/wp\/v2\/types\/post"}],"author":[{"embeddable":true,"href":"https:\/\/zsp.wegrow.pl\/index.php\/wp-json\/wp\/v2\/users\/1"}],"replies":[{"embeddable":true,"href":"https:\/\/zsp.wegrow.pl\/index.php\/wp-json\/wp\/v2\/comments?post=16540"}],"version-history":[{"count":1,"href":"https:\/\/zsp.wegrow.pl\/index.php\/wp-json\/wp\/v2\/posts\/16540\/revisions"}],"predecessor-version":[{"id":16572,"href":"https:\/\/zsp.wegrow.pl\/index.php\/wp-json\/wp\/v2\/posts\/16540\/revisions\/16572"}],"wp:featuredmedia":[{"embeddable":true,"href":"https:\/\/zsp.wegrow.pl\/index.php\/wp-json\/wp\/v2\/media\/16571"}],"wp:attachment":[{"href":"https:\/\/zsp.wegrow.pl\/index.php\/wp-json\/wp\/v2\/media?parent=16540"}],"wp:term":[{"taxonomy":"category","embeddable":true,"href":"https:\/\/zsp.wegrow.pl\/index.php\/wp-json\/wp\/v2\/categories?post=16540"},{"taxonomy":"post_tag","embeddable":true,"href":"https:\/\/zsp.wegrow.pl\/index.php\/wp-json\/wp\/v2\/tags?post=16540"}],"curies":[{"name":"wp","href":"https:\/\/api.w.org\/{rel}","templated":true}]}}