{"id":16680,"date":"2024-12-19T08:55:56","date_gmt":"2024-12-19T07:55:56","guid":{"rendered":"https:\/\/zsp.wegrow.pl\/?p=16680"},"modified":"2025-09-01T12:07:25","modified_gmt":"2025-09-01T10:07:25","slug":"rozstrzygniecie-konkursu-plastyczno-jezykowego","status":"publish","type":"post","link":"https:\/\/zsp.wegrow.pl\/index.php\/2024\/12\/19\/rozstrzygniecie-konkursu-plastyczno-jezykowego\/","title":{"rendered":"Rozstrzygni\u0119cie Konkursu plastyczno \u2013 j\u0119zykowego"},"content":{"rendered":"\n<p>Rozstrzygni\u0119cie Konkursu plastyczno \u2013 j\u0119zykowego pt: \u201eNajpi\u0119kniejsza Kartka Bo\u017conarodzeniowa w j\u0119zyku obcym nowo\u017cytnym\u201d.<\/p>\n\n\n\n<p>Obecni byli:<\/p>\n\n\n\n<p>&#8211; pani dyrektor Joanna Go\u0142\u0119biewska-Kokoszka,<\/p>\n\n\n\n<p>&#8211; <a><\/a>pani wicedyrektor Agnieszka D\u017cbik<\/p>\n\n\n\n<p>&#8211; pan wicedyrektor Leszek Redosz<\/p>\n\n\n\n<p>Na konkurs wp\u0142yn\u0119\u0142o 126 prac o tematyce \u015bwi\u0105tecznej. Wszystkie prace podlega\u0142y ocenie pod wzgl\u0119dem merytorycznym i estetycznym.<\/p>\n\n\n\n<p>Komisja konkursowa w sk\u0142adzie:<\/p>\n\n\n\n<p>1. p. dyrektor Leszek Redosz \u2013 przewodnicz\u0105cy<\/p>\n\n\n\n<p>2. p. mgr Katarzyna Skolimowska \u2013 Michalak<\/p>\n\n\n\n<p>3. p. mgr Lidia G\u00f3ral<\/p>\n\n\n\n<p>4. p. mgr Mariusz \u017bo\u0142nierzak<\/p>\n\n\n\n<p>5. p. mgr Helena Str\u0105k<\/p>\n\n\n\n<p>6. p. mgr Agnieszka Knecht<\/p>\n\n\n\n<p>7. p. mgr Urszula Mielniczuk<\/p>\n\n\n\n<p>8. p. mgr Edyta Kozie\u0142<\/p>\n\n\n\n<p>postanowi\u0142a przyzna\u0107 nagrody i wyr\u00f3\u017cnienia nast\u0119puj\u0105cym uczniom:<\/p>\n\n\n\n<p>I miejsce otrzyma\u0142a Wiktorii Kuch z klasy 2 LOw;<\/p>\n\n\n\n<p>II miejsce przyznane zosta\u0142o Paulinie Szpakowskiej \u2013 uczennicy klasy 5 ek;<\/p>\n\n\n\n<p>III miejsce otrzyma\u0142 Antoni \u015awinarski z klasy III LOm;<\/p>\n\n\n\n<p>Wyr\u00f3\u017cnienia otrzymali:<\/p>\n\n\n\n<p>1. Natalia Budko vel Cie\u015bluk z klasy 4 ah<\/p>\n\n\n\n<p>2. Wiktoria Tyburczy z klasy 4 LOm<\/p>\n\n\n\n<p>3. Emilia Gut z klasy 4 LOo<\/p>\n\n\n\n<p>Wszystkim nagrodzonym serdecznie gratulujemy i zach\u0119camy do udzia\u0142u w kolejnych edycjach konkursu. Bardzo dzi\u0119kujemy r\u00f3wnie\u017c nauczycielom j\u0119zyk\u00f3w obcych za zaanga\u017cowanie i prac\u0119 w komisji konkursowej.<\/p>\n\n\n\n<p>Fot. Tamara Elgas, Aleksandra Bodzon<\/p>\n\n\n\nngg_shortcode_0_placeholder\n","protected":false},"excerpt":{"rendered":"<p>Rozstrzygni\u0119cie Konkursu plastyczno \u2013 j\u0119zykowego pt: \u201eNajpi\u0119kniejsza Kartka Bo\u017conarodzeniowa w j\u0119zyku obcym nowo\u017cytnym\u201d. Obecni byli: &#8211; pani dyrektor Joanna Go\u0142\u0119biewska-Kokoszka, &#8211; pani wicedyrektor Agnieszka D\u017cbik &#8211; pan wicedyrektor Leszek Redosz Na konkurs wp\u0142yn\u0119\u0142o 126 prac<\/p>\n","protected":false},"author":1,"featured_media":16695,"comment_status":"closed","ping_status":"closed","sticky":false,"template":"","format":"standard","meta":{"ngg_post_thumbnail":0,"_themeisle_gutenberg_block_has_review":false,"jetpack_post_was_ever_published":false,"_jetpack_newsletter_access":"","_jetpack_dont_email_post_to_subs":false,"_jetpack_newsletter_tier_id":0,"_jetpack_memberships_contains_paywalled_content":false,"_jetpack_memberships_contains_paid_content":false,"footnotes":"","jetpack_publicize_message":"","jetpack_publicize_feature_enabled":true,"jetpack_social_post_already_shared":true,"jetpack_social_options":{"image_generator_settings":{"template":"highway","default_image_id":0,"font":"","enabled":false},"version":2}},"categories":[26],"tags":[],"class_list":["post-16680","post","type-post","status-publish","format-standard","has-post-thumbnail","hentry","category-konkursy"],"jetpack_publicize_connections":[],"jetpack_featured_media_url":"https:\/\/i0.wp.com\/zsp.wegrow.pl\/wp-content\/uploads\/2024\/12\/07wyr.jpg?fit=850%2C382&ssl=1","jetpack_sharing_enabled":true,"jetpack_shortlink":"https:\/\/wp.me\/paT2nI-4l2","_links":{"self":[{"href":"https:\/\/zsp.wegrow.pl\/index.php\/wp-json\/wp\/v2\/posts\/16680","targetHints":{"allow":["GET"]}}],"collection":[{"href":"https:\/\/zsp.wegrow.pl\/index.php\/wp-json\/wp\/v2\/posts"}],"about":[{"href":"https:\/\/zsp.wegrow.pl\/index.php\/wp-json\/wp\/v2\/types\/post"}],"author":[{"embeddable":true,"href":"https:\/\/zsp.wegrow.pl\/index.php\/wp-json\/wp\/v2\/users\/1"}],"replies":[{"embeddable":true,"href":"https:\/\/zsp.wegrow.pl\/index.php\/wp-json\/wp\/v2\/comments?post=16680"}],"version-history":[{"count":1,"href":"https:\/\/zsp.wegrow.pl\/index.php\/wp-json\/wp\/v2\/posts\/16680\/revisions"}],"predecessor-version":[{"id":16696,"href":"https:\/\/zsp.wegrow.pl\/index.php\/wp-json\/wp\/v2\/posts\/16680\/revisions\/16696"}],"wp:featuredmedia":[{"embeddable":true,"href":"https:\/\/zsp.wegrow.pl\/index.php\/wp-json\/wp\/v2\/media\/16695"}],"wp:attachment":[{"href":"https:\/\/zsp.wegrow.pl\/index.php\/wp-json\/wp\/v2\/media?parent=16680"}],"wp:term":[{"taxonomy":"category","embeddable":true,"href":"https:\/\/zsp.wegrow.pl\/index.php\/wp-json\/wp\/v2\/categories?post=16680"},{"taxonomy":"post_tag","embeddable":true,"href":"https:\/\/zsp.wegrow.pl\/index.php\/wp-json\/wp\/v2\/tags?post=16680"}],"curies":[{"name":"wp","href":"https:\/\/api.w.org\/{rel}","templated":true}]}}