{"id":16770,"date":"2025-01-08T14:40:15","date_gmt":"2025-01-08T13:40:15","guid":{"rendered":"https:\/\/zsp.wegrow.pl\/?p=16770"},"modified":"2025-09-01T12:06:12","modified_gmt":"2025-09-01T10:06:12","slug":"orszak-trzech-kroli-2","status":"publish","type":"post","link":"https:\/\/zsp.wegrow.pl\/index.php\/2025\/01\/08\/orszak-trzech-kroli-2\/","title":{"rendered":"Orszak Trzech Kr\u00f3li"},"content":{"rendered":"\n<p class=\"has-drop-cap\">W Uroczysto\u015b\u0107 Objawienia Pa\u0144skiego 6 stycznia 2025 roku ulicami W\u0119growa przeszed\u0142 Orszak Trzech Kr\u00f3li w kt\u00f3ry zaanga\u017cowali si\u0119 uczniowie naszej szko\u0142y. Wcielili si\u0119 w rol\u0119 pomocnik\u00f3w kr\u00f3l\u00f3w, kusz\u0105cych i n\u0119kaj\u0105cych ludno\u015b\u0107 diab\u0142\u00f3w oraz pasterzy i anio\u0142\u00f3w w <a><\/a>scenie &#8222;Pok\u0142on pasterzy&#8221;. W scenie pod opiek\u0105 pani Agnieszki Szczepa\u0144skiej udzia\u0142 wzi\u0119li: Julia Sowa (klasa 2ae), Izabela Go\u0142\u0119biewska i Izabela Parys (klasa 3Lom) Kinga Malinowska i Natalia Pikulska (klasa 4ek) oraz Jakub Brzezik, Wiktor K\u0119dzierski i Aleksander Podg\u00f3rski (klasa 3Lom).<\/p>\n\n\n\n<p>Uczniowie kt\u00f3rzy razem z Jednostk\u0105 Strzeleck\u0105 3263 W\u0119gr\u00f3w czuwali nad porz\u0105dkiem podczas Orszaku Trzech Kr\u00f3li:<\/p>\n\n\n\n<p>Kacper Rogala, Kacper Padzik (klasa 3Lom)<br>Maciek Gajowniczek, Maja Cz\u0119\u015bcik (klasa 2LOw)<br>Kacper Szczegielski, Kacper Szczepanik, Nikodem Ozdowski, Maria Sujak, Anna Domza\u0142a, Maja Myrcha, Maja Pawlak (klasa 1LOw)<\/p>\n\n\n\n<p>Na uroczysto\u015bciach nie zabrak\u0142o r\u00f3wnie\u017c dyrekcji Zespo\u0142u Szk\u00f3\u0142 Ponadpodstawowych im. Jana Kochanowskiego.<\/p>\n\n\n\n<p>Fot.: Agnieszka Szczepa\u0144ska, Leszek Redosz<\/p>\n\n\n\nngg_shortcode_0_placeholder\n","protected":false},"excerpt":{"rendered":"<p>W Uroczysto\u015b\u0107 Objawienia Pa\u0144skiego 6 stycznia 2025 roku ulicami W\u0119growa przeszed\u0142 Orszak Trzech Kr\u00f3li w kt\u00f3ry zaanga\u017cowali si\u0119 uczniowie naszej szko\u0142y. Wcielili si\u0119 w rol\u0119 pomocnik\u00f3w kr\u00f3l\u00f3w, kusz\u0105cych i n\u0119kaj\u0105cych ludno\u015b\u0107 diab\u0142\u00f3w oraz pasterzy i<\/p>\n","protected":false},"author":1,"featured_media":16796,"comment_status":"closed","ping_status":"closed","sticky":false,"template":"","format":"standard","meta":{"ngg_post_thumbnail":0,"_themeisle_gutenberg_block_has_review":false,"jetpack_post_was_ever_published":false,"_jetpack_newsletter_access":"","_jetpack_dont_email_post_to_subs":false,"_jetpack_newsletter_tier_id":0,"_jetpack_memberships_contains_paywalled_content":false,"_jetpack_memberships_contains_paid_content":false,"footnotes":"","jetpack_publicize_message":"","jetpack_publicize_feature_enabled":true,"jetpack_social_post_already_shared":true,"jetpack_social_options":{"image_generator_settings":{"template":"highway","default_image_id":0,"font":"","enabled":false},"version":2}},"categories":[64],"tags":[],"class_list":["post-16770","post","type-post","status-publish","format-standard","has-post-thumbnail","hentry","category-swieta"],"jetpack_publicize_connections":[],"jetpack_featured_media_url":"https:\/\/i0.wp.com\/zsp.wegrow.pl\/wp-content\/uploads\/2025\/01\/07wyr.jpg?fit=850%2C545&ssl=1","jetpack_sharing_enabled":true,"jetpack_shortlink":"https:\/\/wp.me\/paT2nI-4mu","_links":{"self":[{"href":"https:\/\/zsp.wegrow.pl\/index.php\/wp-json\/wp\/v2\/posts\/16770","targetHints":{"allow":["GET"]}}],"collection":[{"href":"https:\/\/zsp.wegrow.pl\/index.php\/wp-json\/wp\/v2\/posts"}],"about":[{"href":"https:\/\/zsp.wegrow.pl\/index.php\/wp-json\/wp\/v2\/types\/post"}],"author":[{"embeddable":true,"href":"https:\/\/zsp.wegrow.pl\/index.php\/wp-json\/wp\/v2\/users\/1"}],"replies":[{"embeddable":true,"href":"https:\/\/zsp.wegrow.pl\/index.php\/wp-json\/wp\/v2\/comments?post=16770"}],"version-history":[{"count":1,"href":"https:\/\/zsp.wegrow.pl\/index.php\/wp-json\/wp\/v2\/posts\/16770\/revisions"}],"predecessor-version":[{"id":16797,"href":"https:\/\/zsp.wegrow.pl\/index.php\/wp-json\/wp\/v2\/posts\/16770\/revisions\/16797"}],"wp:featuredmedia":[{"embeddable":true,"href":"https:\/\/zsp.wegrow.pl\/index.php\/wp-json\/wp\/v2\/media\/16796"}],"wp:attachment":[{"href":"https:\/\/zsp.wegrow.pl\/index.php\/wp-json\/wp\/v2\/media?parent=16770"}],"wp:term":[{"taxonomy":"category","embeddable":true,"href":"https:\/\/zsp.wegrow.pl\/index.php\/wp-json\/wp\/v2\/categories?post=16770"},{"taxonomy":"post_tag","embeddable":true,"href":"https:\/\/zsp.wegrow.pl\/index.php\/wp-json\/wp\/v2\/tags?post=16770"}],"curies":[{"name":"wp","href":"https:\/\/api.w.org\/{rel}","templated":true}]}}