{"id":17023,"date":"2025-01-31T20:51:03","date_gmt":"2025-01-31T19:51:03","guid":{"rendered":"https:\/\/zsp.wegrow.pl\/?p=17023"},"modified":"2025-09-01T12:04:01","modified_gmt":"2025-09-01T10:04:01","slug":"xiii-koncert-koled","status":"publish","type":"post","link":"https:\/\/zsp.wegrow.pl\/index.php\/2025\/01\/31\/xiii-koncert-koled\/","title":{"rendered":"XIII Koncert Kol\u0119d"},"content":{"rendered":"\n<p class=\"has-drop-cap\">W <a><\/a>tradycj\u0119 naszej szko\u0142y wpisa\u0142o si\u0119 wsp\u00f3lne kol\u0119dowanie w Bazylice Mniejszej w W\u0119growie.<\/p>\n\n\n\n<p>W niedziele 26 stycznia 2025 roku uczniowie za\u015bpiewali znane i tradycyjne utwory, oraz wsp\u00f3\u0142czesne, kt\u00f3re sobie szczeg\u00f3lnie upodobali. W\u015br\u00f3d widowni nie zabrak\u0142o pani Ewy Besztak Starosty W\u0119growskiego, Ksi\u0119\u017cy z parafii oraz naszej dyrekcji i nauczycieli. Zesp\u00f3\u0142 wokalno-instrumentalny Zespo\u0142u Szk\u00f3\u0142 Ponadpodstawowych im. Jana Kochanowskiego w W\u0119growie wyst\u0105pi\u0142 w sk\u0142adzie:<\/p>\n\n\n\n<p>Wokal: Zuzanna Bartoszewska, Marta Gawor, Kinga Malinowska, Klaudia Bu\u015bko, Katarzyna Dziewulska, Izabela Go\u0142\u0119biewska, Julia Jasi\u0144ska,Natalia Pikulska, Julia Sowa, Justyna Suchocka, Franciszek Grabowski oraz Patryk Niszcz<\/p>\n\n\n\n<p>Akordeon i klawisze: Adrian Kowalczyk<\/p>\n\n\n\n<p>Informacje o utworach przygotowa\u0142a Agnieszka Szczepa\u0144ska, a odczytali je dla Pa\u0144stwa Wiktoria Dymek oraz Kacper Rogala<\/p>\n\n\n\n<p>Zesp\u00f3\u0142 przygotowa\u0142a pani Agnieszka Szczepa\u0144ska oraz pani Anita Bardadyn.<\/p>\n\n\n\n<p>Nag\u0142o\u015bnienie i wsparcie logistyczne pan Marian Pacz\u00f3ski oraz pani Dorota Borys.<\/p>\n\n\n\n<p>Dzi\u0119kujemy za mo\u017cliwo\u015b\u0107 kol\u0119dowania w tej pi\u0119knej \u015bwi\u0105tyni ju\u017c po raz XIII Ksi\u0119dzu Pra\u0142atowi Leszkowi Gardzi\u0144skiemu, ksi\u0119\u017com, panu ko\u015bcielnemu oraz wsp\u00f3lnocie parafialnej. Dzi\u0119kujemy za przybycie oraz wsp\u00f3lne \u015bpiewanie w tym wyj\u0105tkowym kol\u0119dowym czasie.<\/p>\n\n\n\n<p>Fot.: Krystyna Bogda\u0144ska<\/p>\n\n\n\nngg_shortcode_0_placeholder\n","protected":false},"excerpt":{"rendered":"<p>W tradycj\u0119 naszej szko\u0142y wpisa\u0142o si\u0119 wsp\u00f3lne kol\u0119dowanie w Bazylice Mniejszej w W\u0119growie. W niedziele 26 stycznia 2025 roku uczniowie za\u015bpiewali znane i tradycyjne utwory, oraz wsp\u00f3\u0142czesne, kt\u00f3re sobie szczeg\u00f3lnie upodobali. W\u015br\u00f3d widowni nie zabrak\u0142o<\/p>\n","protected":false},"author":1,"featured_media":16813,"comment_status":"closed","ping_status":"closed","sticky":false,"template":"","format":"standard","meta":{"ngg_post_thumbnail":0,"_themeisle_gutenberg_block_has_review":false,"jetpack_post_was_ever_published":false,"_jetpack_newsletter_access":"","_jetpack_dont_email_post_to_subs":false,"_jetpack_newsletter_tier_id":0,"_jetpack_memberships_contains_paywalled_content":false,"_jetpack_memberships_contains_paid_content":false,"footnotes":"","jetpack_publicize_message":"","jetpack_publicize_feature_enabled":true,"jetpack_social_post_already_shared":true,"jetpack_social_options":{"image_generator_settings":{"template":"highway","default_image_id":0,"font":"","enabled":false},"version":2}},"categories":[65],"tags":[],"class_list":["post-17023","post","type-post","status-publish","format-standard","has-post-thumbnail","hentry","category-wydarzenia-artystyczne"],"jetpack_publicize_connections":[],"jetpack_featured_media_url":"https:\/\/i0.wp.com\/zsp.wegrow.pl\/wp-content\/uploads\/2025\/01\/koncert-koled_wyr.jpg?fit=850%2C369&ssl=1","jetpack_sharing_enabled":true,"jetpack_shortlink":"https:\/\/wp.me\/paT2nI-4qz","_links":{"self":[{"href":"https:\/\/zsp.wegrow.pl\/index.php\/wp-json\/wp\/v2\/posts\/17023","targetHints":{"allow":["GET"]}}],"collection":[{"href":"https:\/\/zsp.wegrow.pl\/index.php\/wp-json\/wp\/v2\/posts"}],"about":[{"href":"https:\/\/zsp.wegrow.pl\/index.php\/wp-json\/wp\/v2\/types\/post"}],"author":[{"embeddable":true,"href":"https:\/\/zsp.wegrow.pl\/index.php\/wp-json\/wp\/v2\/users\/1"}],"replies":[{"embeddable":true,"href":"https:\/\/zsp.wegrow.pl\/index.php\/wp-json\/wp\/v2\/comments?post=17023"}],"version-history":[{"count":1,"href":"https:\/\/zsp.wegrow.pl\/index.php\/wp-json\/wp\/v2\/posts\/17023\/revisions"}],"predecessor-version":[{"id":17057,"href":"https:\/\/zsp.wegrow.pl\/index.php\/wp-json\/wp\/v2\/posts\/17023\/revisions\/17057"}],"wp:featuredmedia":[{"embeddable":true,"href":"https:\/\/zsp.wegrow.pl\/index.php\/wp-json\/wp\/v2\/media\/16813"}],"wp:attachment":[{"href":"https:\/\/zsp.wegrow.pl\/index.php\/wp-json\/wp\/v2\/media?parent=17023"}],"wp:term":[{"taxonomy":"category","embeddable":true,"href":"https:\/\/zsp.wegrow.pl\/index.php\/wp-json\/wp\/v2\/categories?post=17023"},{"taxonomy":"post_tag","embeddable":true,"href":"https:\/\/zsp.wegrow.pl\/index.php\/wp-json\/wp\/v2\/tags?post=17023"}],"curies":[{"name":"wp","href":"https:\/\/api.w.org\/{rel}","templated":true}]}}