{"id":17187,"date":"2025-03-01T10:39:12","date_gmt":"2025-03-01T09:39:12","guid":{"rendered":"https:\/\/zsp.wegrow.pl\/?p=17187"},"modified":"2025-09-01T11:58:00","modified_gmt":"2025-09-01T09:58:00","slug":"obchody-narodowego-dnia-pamieci-zolnierzy-wykletych-2","status":"publish","type":"post","link":"https:\/\/zsp.wegrow.pl\/index.php\/2025\/03\/01\/obchody-narodowego-dnia-pamieci-zolnierzy-wykletych-2\/","title":{"rendered":"Obchody Narodowego Dnia Pami\u0119ci \u017bo\u0142nierzy Wykl\u0119tych"},"content":{"rendered":"\n<p class=\"has-drop-cap\">W dniu 28 lutego 2025 roku uczniowie naszej szko\u0142y wzi\u0119li udzia\u0142 w Obchodach Narodowego Dnia Pami\u0119ci \u017bo\u0142nierzy Wykl\u0119tych.<\/p>\n\n\n\n<p>Klasy: 1 LOw, II LOw i III LOm wzi\u0119\u0142y czynny udzia\u0142 w Apelu Pami\u0119ci. Klasy mundurowe wyst\u0105pi\u0142y pod dow\u00f3dztwem Martyny Okrzei. Dodatkowo w uroczysto\u015bci uczestniczy\u0142y klasy: II ek, II ae i II LOo. W wydarzeniu uczestniczy\u0142 Poczet Sztandarowy Szko\u0142y &#8211; Roksana Pobikrowska, Natalia Bardadyn, Bartosz Sawicki oraz Poczet Sztandarowy Armii Krajowej \u2013 Magdalena <a><\/a>Kury\u0142ek, Aleksandra Jurkowska, Kacper K\u0105kol. Opiek\u0119 nad pocztami sprawowa\u0142a pani Katarzyna Grenda. M\u0142odzie\u017c\u0105 opiekowali si\u0119 nasi nauczyciele: pani Magdalena Ceglarska-Kowal, pani Edyta Kozie\u0142, pani Monika Krasnod\u0119bska, pani El\u017cbieta Topoli\u0144ska, pani Katarzyna Mianowicz, pani Anna Pierzchanowska-Rosa, pani Ma\u0142gorzata Oleksi\u0144ska i pan Miros\u0142aw Kowalczyk. Podczas uroczysto\u015bci obecna by\u0142a dyrekcja Szko\u0142y: pani dyrektor Joanna Go\u0142\u0119biewska-Kokoszka i pan wicedyrektor Leszek Redosz.<\/p>\n\n\n\n<p>Fot.: Leszek Redosz<\/p>\n\n\n\nngg_shortcode_0_placeholder\n","protected":false},"excerpt":{"rendered":"<p>W dniu 28 lutego 2025 roku uczniowie naszej szko\u0142y wzi\u0119li udzia\u0142 w Obchodach Narodowego Dnia Pami\u0119ci \u017bo\u0142nierzy Wykl\u0119tych. Klasy: 1 LOw, II LOw i III LOm wzi\u0119\u0142y czynny udzia\u0142 w Apelu Pami\u0119ci. Klasy mundurowe wyst\u0105pi\u0142y<\/p>\n","protected":false},"author":1,"featured_media":17227,"comment_status":"closed","ping_status":"closed","sticky":false,"template":"","format":"standard","meta":{"ngg_post_thumbnail":0,"_themeisle_gutenberg_block_has_review":false,"jetpack_post_was_ever_published":false,"_jetpack_newsletter_access":"","_jetpack_dont_email_post_to_subs":false,"_jetpack_newsletter_tier_id":0,"_jetpack_memberships_contains_paywalled_content":false,"_jetpack_memberships_contains_paid_content":false,"footnotes":"","jetpack_publicize_message":"","jetpack_publicize_feature_enabled":true,"jetpack_social_post_already_shared":true,"jetpack_social_options":{"image_generator_settings":{"template":"highway","default_image_id":0,"font":"","enabled":false},"version":2}},"categories":[23,80,53],"tags":[],"class_list":["post-17187","post","type-post","status-publish","format-standard","has-post-thumbnail","hentry","category-klasy-mundurowe","category-oddzial-przygotowania-wojskowego","category-rocznice"],"jetpack_publicize_connections":[],"jetpack_featured_media_url":"https:\/\/i0.wp.com\/zsp.wegrow.pl\/wp-content\/uploads\/2025\/03\/14wyr.jpg?fit=850%2C398&ssl=1","jetpack_sharing_enabled":true,"jetpack_shortlink":"https:\/\/wp.me\/paT2nI-4td","_links":{"self":[{"href":"https:\/\/zsp.wegrow.pl\/index.php\/wp-json\/wp\/v2\/posts\/17187","targetHints":{"allow":["GET"]}}],"collection":[{"href":"https:\/\/zsp.wegrow.pl\/index.php\/wp-json\/wp\/v2\/posts"}],"about":[{"href":"https:\/\/zsp.wegrow.pl\/index.php\/wp-json\/wp\/v2\/types\/post"}],"author":[{"embeddable":true,"href":"https:\/\/zsp.wegrow.pl\/index.php\/wp-json\/wp\/v2\/users\/1"}],"replies":[{"embeddable":true,"href":"https:\/\/zsp.wegrow.pl\/index.php\/wp-json\/wp\/v2\/comments?post=17187"}],"version-history":[{"count":1,"href":"https:\/\/zsp.wegrow.pl\/index.php\/wp-json\/wp\/v2\/posts\/17187\/revisions"}],"predecessor-version":[{"id":17228,"href":"https:\/\/zsp.wegrow.pl\/index.php\/wp-json\/wp\/v2\/posts\/17187\/revisions\/17228"}],"wp:featuredmedia":[{"embeddable":true,"href":"https:\/\/zsp.wegrow.pl\/index.php\/wp-json\/wp\/v2\/media\/17227"}],"wp:attachment":[{"href":"https:\/\/zsp.wegrow.pl\/index.php\/wp-json\/wp\/v2\/media?parent=17187"}],"wp:term":[{"taxonomy":"category","embeddable":true,"href":"https:\/\/zsp.wegrow.pl\/index.php\/wp-json\/wp\/v2\/categories?post=17187"},{"taxonomy":"post_tag","embeddable":true,"href":"https:\/\/zsp.wegrow.pl\/index.php\/wp-json\/wp\/v2\/tags?post=17187"}],"curies":[{"name":"wp","href":"https:\/\/api.w.org\/{rel}","templated":true}]}}