{"id":17275,"date":"2025-03-10T08:25:35","date_gmt":"2025-03-10T07:25:35","guid":{"rendered":"https:\/\/zsp.wegrow.pl\/?p=17275"},"modified":"2025-09-01T11:57:52","modified_gmt":"2025-09-01T09:57:52","slug":"spotkanie-organizacyjne-erasmus","status":"publish","type":"post","link":"https:\/\/zsp.wegrow.pl\/index.php\/2025\/03\/10\/spotkanie-organizacyjne-erasmus\/","title":{"rendered":"Spotkanie organizacyjne ERASMUS"},"content":{"rendered":"\n<p>Za nami owocne spotkanie organizacyjne dotycz\u0105ce projektu ERASMUS!<br>Razem z mened\u017cerem projektu, panem Bart\u0142omiejem Zaj\u0105cem, om\u00f3wili\u015bmy kluczowe kwestie i zaplanowali\u015bmy kolejne dzia\u0142ania.<br>Czeka nas ekscytuj\u0105cy czas pe\u0142en mo\u017cliwo\u015bci!<\/p>\n\n\n\n<p><a><\/a>Fot.: Aleksandra Bodzon<\/p>\n\n\n\n<figure class=\"wp-block-gallery has-nested-images columns-2 is-cropped wp-block-gallery-1 is-layout-flex wp-block-gallery-is-layout-flex\">\n<figure class=\"wp-block-image size-large\"><a href=\"https:\/\/i0.wp.com\/zsp.wegrow.pl\/wp-content\/uploads\/2025\/03\/01-1.jpg?ssl=1\"><img data-recalc-dims=\"1\" fetchpriority=\"high\" decoding=\"async\" width=\"600\" height=\"365\" data-id=\"17276\" src=\"https:\/\/i0.wp.com\/zsp.wegrow.pl\/wp-content\/uploads\/2025\/03\/01-1.jpg?resize=600%2C365&#038;ssl=1\" alt=\"\" class=\"wp-image-17276\" srcset=\"https:\/\/i0.wp.com\/zsp.wegrow.pl\/wp-content\/uploads\/2025\/03\/01-1.jpg?w=600&amp;ssl=1 600w, https:\/\/i0.wp.com\/zsp.wegrow.pl\/wp-content\/uploads\/2025\/03\/01-1.jpg?resize=300%2C183&amp;ssl=1 300w, https:\/\/i0.wp.com\/zsp.wegrow.pl\/wp-content\/uploads\/2025\/03\/01-1.jpg?resize=150%2C91&amp;ssl=1 150w, https:\/\/i0.wp.com\/zsp.wegrow.pl\/wp-content\/uploads\/2025\/03\/01-1.jpg?resize=24%2C15&amp;ssl=1 24w, https:\/\/i0.wp.com\/zsp.wegrow.pl\/wp-content\/uploads\/2025\/03\/01-1.jpg?resize=36%2C22&amp;ssl=1 36w, https:\/\/i0.wp.com\/zsp.wegrow.pl\/wp-content\/uploads\/2025\/03\/01-1.jpg?resize=48%2C29&amp;ssl=1 48w\" sizes=\"(max-width: 600px) 100vw, 600px\" \/><\/a><\/figure>\n\n\n\n<figure class=\"wp-block-image size-large\"><a href=\"https:\/\/i0.wp.com\/zsp.wegrow.pl\/wp-content\/uploads\/2025\/03\/02-1.jpg?ssl=1\"><img data-recalc-dims=\"1\" decoding=\"async\" width=\"840\" height=\"724\" data-id=\"17277\" src=\"https:\/\/i0.wp.com\/zsp.wegrow.pl\/wp-content\/uploads\/2025\/03\/02-1.jpg?resize=840%2C724&#038;ssl=1\" alt=\"\" class=\"wp-image-17277\" srcset=\"https:\/\/i0.wp.com\/zsp.wegrow.pl\/wp-content\/uploads\/2025\/03\/02-1.jpg?resize=1024%2C882&amp;ssl=1 1024w, https:\/\/i0.wp.com\/zsp.wegrow.pl\/wp-content\/uploads\/2025\/03\/02-1.jpg?resize=300%2C258&amp;ssl=1 300w, https:\/\/i0.wp.com\/zsp.wegrow.pl\/wp-content\/uploads\/2025\/03\/02-1.jpg?resize=150%2C129&amp;ssl=1 150w, https:\/\/i0.wp.com\/zsp.wegrow.pl\/wp-content\/uploads\/2025\/03\/02-1.jpg?resize=768%2C662&amp;ssl=1 768w, https:\/\/i0.wp.com\/zsp.wegrow.pl\/wp-content\/uploads\/2025\/03\/02-1.jpg?resize=24%2C21&amp;ssl=1 24w, https:\/\/i0.wp.com\/zsp.wegrow.pl\/wp-content\/uploads\/2025\/03\/02-1.jpg?resize=36%2C31&amp;ssl=1 36w, https:\/\/i0.wp.com\/zsp.wegrow.pl\/wp-content\/uploads\/2025\/03\/02-1.jpg?resize=48%2C41&amp;ssl=1 48w, https:\/\/i0.wp.com\/zsp.wegrow.pl\/wp-content\/uploads\/2025\/03\/02-1.jpg?w=1501&amp;ssl=1 1501w\" sizes=\"(max-width: 840px) 100vw, 840px\" \/><\/a><\/figure>\n\n\n\n<figure class=\"wp-block-image size-large\"><a href=\"https:\/\/i0.wp.com\/zsp.wegrow.pl\/wp-content\/uploads\/2025\/03\/03-1.jpg?ssl=1\"><img data-recalc-dims=\"1\" decoding=\"async\" width=\"840\" height=\"449\" data-id=\"17278\" src=\"https:\/\/i0.wp.com\/zsp.wegrow.pl\/wp-content\/uploads\/2025\/03\/03-1.jpg?resize=840%2C449&#038;ssl=1\" alt=\"\" class=\"wp-image-17278\" srcset=\"https:\/\/i0.wp.com\/zsp.wegrow.pl\/wp-content\/uploads\/2025\/03\/03-1.jpg?resize=1024%2C547&amp;ssl=1 1024w, https:\/\/i0.wp.com\/zsp.wegrow.pl\/wp-content\/uploads\/2025\/03\/03-1.jpg?resize=300%2C160&amp;ssl=1 300w, https:\/\/i0.wp.com\/zsp.wegrow.pl\/wp-content\/uploads\/2025\/03\/03-1.jpg?resize=150%2C80&amp;ssl=1 150w, https:\/\/i0.wp.com\/zsp.wegrow.pl\/wp-content\/uploads\/2025\/03\/03-1.jpg?resize=768%2C410&amp;ssl=1 768w, https:\/\/i0.wp.com\/zsp.wegrow.pl\/wp-content\/uploads\/2025\/03\/03-1.jpg?resize=1536%2C820&amp;ssl=1 1536w, https:\/\/i0.wp.com\/zsp.wegrow.pl\/wp-content\/uploads\/2025\/03\/03-1.jpg?resize=24%2C13&amp;ssl=1 24w, https:\/\/i0.wp.com\/zsp.wegrow.pl\/wp-content\/uploads\/2025\/03\/03-1.jpg?resize=36%2C19&amp;ssl=1 36w, https:\/\/i0.wp.com\/zsp.wegrow.pl\/wp-content\/uploads\/2025\/03\/03-1.jpg?resize=48%2C26&amp;ssl=1 48w, https:\/\/i0.wp.com\/zsp.wegrow.pl\/wp-content\/uploads\/2025\/03\/03-1.jpg?w=1920&amp;ssl=1 1920w, https:\/\/i0.wp.com\/zsp.wegrow.pl\/wp-content\/uploads\/2025\/03\/03-1.jpg?w=1680&amp;ssl=1 1680w\" sizes=\"(max-width: 840px) 100vw, 840px\" \/><\/a><\/figure>\n<\/figure>\n","protected":false},"excerpt":{"rendered":"<p>Za nami owocne spotkanie organizacyjne dotycz\u0105ce projektu ERASMUS!Razem z mened\u017cerem projektu, panem Bart\u0142omiejem Zaj\u0105cem, om\u00f3wili\u015bmy kluczowe kwestie i zaplanowali\u015bmy kolejne dzia\u0142ania.Czeka nas ekscytuj\u0105cy czas pe\u0142en mo\u017cliwo\u015bci! Fot.: Aleksandra Bodzon<\/p>\n","protected":false},"author":1,"featured_media":17105,"comment_status":"closed","ping_status":"closed","sticky":false,"template":"","format":"standard","meta":{"ngg_post_thumbnail":0,"_themeisle_gutenberg_block_has_review":false,"jetpack_post_was_ever_published":false,"_jetpack_newsletter_access":"","_jetpack_dont_email_post_to_subs":false,"_jetpack_newsletter_tier_id":0,"_jetpack_memberships_contains_paywalled_content":false,"_jetpack_memberships_contains_paid_content":false,"footnotes":"","jetpack_publicize_message":"","jetpack_publicize_feature_enabled":true,"jetpack_social_post_already_shared":true,"jetpack_social_options":{"image_generator_settings":{"template":"highway","default_image_id":0,"font":"","enabled":false},"version":2}},"categories":[55,86],"tags":[],"class_list":["post-17275","post","type-post","status-publish","format-standard","has-post-thumbnail","hentry","category-erasmus","category-praktyki-zagraniczne-grecja-2025"],"jetpack_publicize_connections":[],"jetpack_featured_media_url":"https:\/\/i0.wp.com\/zsp.wegrow.pl\/wp-content\/uploads\/2025\/02\/akredytacja-erasmusa-edycja-4.jpg?fit=970%2C414&ssl=1","jetpack_sharing_enabled":true,"jetpack_shortlink":"https:\/\/wp.me\/paT2nI-4uD","_links":{"self":[{"href":"https:\/\/zsp.wegrow.pl\/index.php\/wp-json\/wp\/v2\/posts\/17275","targetHints":{"allow":["GET"]}}],"collection":[{"href":"https:\/\/zsp.wegrow.pl\/index.php\/wp-json\/wp\/v2\/posts"}],"about":[{"href":"https:\/\/zsp.wegrow.pl\/index.php\/wp-json\/wp\/v2\/types\/post"}],"author":[{"embeddable":true,"href":"https:\/\/zsp.wegrow.pl\/index.php\/wp-json\/wp\/v2\/users\/1"}],"replies":[{"embeddable":true,"href":"https:\/\/zsp.wegrow.pl\/index.php\/wp-json\/wp\/v2\/comments?post=17275"}],"version-history":[{"count":1,"href":"https:\/\/zsp.wegrow.pl\/index.php\/wp-json\/wp\/v2\/posts\/17275\/revisions"}],"predecessor-version":[{"id":17279,"href":"https:\/\/zsp.wegrow.pl\/index.php\/wp-json\/wp\/v2\/posts\/17275\/revisions\/17279"}],"wp:featuredmedia":[{"embeddable":true,"href":"https:\/\/zsp.wegrow.pl\/index.php\/wp-json\/wp\/v2\/media\/17105"}],"wp:attachment":[{"href":"https:\/\/zsp.wegrow.pl\/index.php\/wp-json\/wp\/v2\/media?parent=17275"}],"wp:term":[{"taxonomy":"category","embeddable":true,"href":"https:\/\/zsp.wegrow.pl\/index.php\/wp-json\/wp\/v2\/categories?post=17275"},{"taxonomy":"post_tag","embeddable":true,"href":"https:\/\/zsp.wegrow.pl\/index.php\/wp-json\/wp\/v2\/tags?post=17275"}],"curies":[{"name":"wp","href":"https:\/\/api.w.org\/{rel}","templated":true}]}}