{"id":18189,"date":"2025-06-17T08:08:01","date_gmt":"2025-06-17T06:08:01","guid":{"rendered":"https:\/\/zsp.wegrow.pl\/?p=18189"},"modified":"2025-09-01T11:48:44","modified_gmt":"2025-09-01T09:48:44","slug":"projekt-edukacyjno-profilaktyczny-wiezienie-stracony-czas","status":"publish","type":"post","link":"https:\/\/zsp.wegrow.pl\/index.php\/2025\/06\/17\/projekt-edukacyjno-profilaktyczny-wiezienie-stracony-czas\/","title":{"rendered":"Projekt edukacyjno &#8211; profilaktyczny &#8222;Wi\u0119zienie &#8211; stracony czas&#8221;"},"content":{"rendered":"\n<p class=\"has-drop-cap\">W dniu 9 czerwca 2025 r. klasa 3 Technikum Mechanicznego wzi\u0119\u0142a udzia\u0142 w projekcie edukacyjno-profilaktycznym &#8222;Wi\u0119zienie &#8211; stracony czas&#8221;. W tym celu uczniowie wraz z <a><\/a>opiekunami \u2013 pani\u0105 Beat\u0105 Oprz\u0105dek i pani\u0105 Katarzyn\u0105 Grenda, odwiedzili Zak\u0142ad Karny w Siedlcach. W czasie pobytu naszym wychowankom przybli\u017cono funkcjonowanie jednostek penitencjarnych w Polsce na przyk\u0142adzie ZK Siedlce, pokazano specyfik\u0119 pracy w S\u0142u\u017cbie wi\u0119ziennej oraz rol\u0119 formacji w systemie bezpiecze\u0144stwa pa\u0144stwa.<\/p>\n\n\n\n<p>Naszym przewodnikiem by\u0142 kpt. Przemys\u0142aw Turyk &#8211; p.o. Zast\u0119pcy Kierownika Dzia\u0142u Penitencjarnego Zak\u0142adu Karnego w Siedlcach. Wszyscy uczestnicy wizyty byli pod ogromnym wra\u017ceniem profesjonalizmu pana Kapitana i tre\u015bci, kt\u00f3re przekazywa\u0142 m\u0142odzie\u017cy.<\/p>\n\n\n\n<p>Nasi uczniowie zgodnie stwierdzili, \u017ce ten pobyt w murach Zak\u0142adu Karnego absolutnie nie by\u0142 czasem straconym, wr\u0119cz przeciwnie- u\u015bwiadomi\u0142 im , jak \u0142atwo mo\u017cna zmarnowa\u0107 m\u0142odo\u015b\u0107 i ca\u0142e \u017cycie.<\/p>\n\n\n\n<p>Fot.: Zak\u0142ad Karny w Siedlcach<\/p>\n\n\n\nngg_shortcode_0_placeholder\n","protected":false},"excerpt":{"rendered":"<p>W dniu 9 czerwca 2025 r. klasa 3 Technikum Mechanicznego wzi\u0119\u0142a udzia\u0142 w projekcie edukacyjno-profilaktycznym &#8222;Wi\u0119zienie &#8211; stracony czas&#8221;. W tym celu uczniowie wraz z opiekunami \u2013 pani\u0105 Beat\u0105 Oprz\u0105dek i pani\u0105 Katarzyn\u0105 Grenda, odwiedzili<\/p>\n","protected":false},"author":1,"featured_media":18206,"comment_status":"closed","ping_status":"closed","sticky":false,"template":"","format":"standard","meta":{"ngg_post_thumbnail":0,"_themeisle_gutenberg_block_has_review":false,"jetpack_post_was_ever_published":false,"_jetpack_newsletter_access":"","_jetpack_dont_email_post_to_subs":false,"_jetpack_newsletter_tier_id":0,"_jetpack_memberships_contains_paywalled_content":false,"_jetpack_memberships_contains_paid_content":false,"footnotes":"","jetpack_publicize_message":"","jetpack_publicize_feature_enabled":true,"jetpack_social_post_already_shared":true,"jetpack_social_options":{"image_generator_settings":{"template":"highway","default_image_id":0,"font":"","enabled":false},"version":2}},"categories":[37],"tags":[],"class_list":["post-18189","post","type-post","status-publish","format-standard","has-post-thumbnail","hentry","category-projekty"],"jetpack_publicize_connections":[],"jetpack_featured_media_url":"https:\/\/i0.wp.com\/zsp.wegrow.pl\/wp-content\/uploads\/2025\/06\/8wyr.jpg?fit=850%2C480&ssl=1","jetpack_sharing_enabled":true,"jetpack_shortlink":"https:\/\/wp.me\/paT2nI-4Jn","_links":{"self":[{"href":"https:\/\/zsp.wegrow.pl\/index.php\/wp-json\/wp\/v2\/posts\/18189","targetHints":{"allow":["GET"]}}],"collection":[{"href":"https:\/\/zsp.wegrow.pl\/index.php\/wp-json\/wp\/v2\/posts"}],"about":[{"href":"https:\/\/zsp.wegrow.pl\/index.php\/wp-json\/wp\/v2\/types\/post"}],"author":[{"embeddable":true,"href":"https:\/\/zsp.wegrow.pl\/index.php\/wp-json\/wp\/v2\/users\/1"}],"replies":[{"embeddable":true,"href":"https:\/\/zsp.wegrow.pl\/index.php\/wp-json\/wp\/v2\/comments?post=18189"}],"version-history":[{"count":1,"href":"https:\/\/zsp.wegrow.pl\/index.php\/wp-json\/wp\/v2\/posts\/18189\/revisions"}],"predecessor-version":[{"id":18207,"href":"https:\/\/zsp.wegrow.pl\/index.php\/wp-json\/wp\/v2\/posts\/18189\/revisions\/18207"}],"wp:featuredmedia":[{"embeddable":true,"href":"https:\/\/zsp.wegrow.pl\/index.php\/wp-json\/wp\/v2\/media\/18206"}],"wp:attachment":[{"href":"https:\/\/zsp.wegrow.pl\/index.php\/wp-json\/wp\/v2\/media?parent=18189"}],"wp:term":[{"taxonomy":"category","embeddable":true,"href":"https:\/\/zsp.wegrow.pl\/index.php\/wp-json\/wp\/v2\/categories?post=18189"},{"taxonomy":"post_tag","embeddable":true,"href":"https:\/\/zsp.wegrow.pl\/index.php\/wp-json\/wp\/v2\/tags?post=18189"}],"curies":[{"name":"wp","href":"https:\/\/api.w.org\/{rel}","templated":true}]}}