{"id":18283,"date":"2025-06-28T09:46:51","date_gmt":"2025-06-28T07:46:51","guid":{"rendered":"https:\/\/zsp.wegrow.pl\/?p=18283"},"modified":"2025-09-01T11:47:34","modified_gmt":"2025-09-01T09:47:34","slug":"uroczystosc-zakonczenia-roku-szkolnego-2024-2025","status":"publish","type":"post","link":"https:\/\/zsp.wegrow.pl\/index.php\/2025\/06\/28\/uroczystosc-zakonczenia-roku-szkolnego-2024-2025\/","title":{"rendered":"Uroczysto\u015b\u0107 zako\u0144czenia roku szkolnego 2024\/2025"},"content":{"rendered":"\n<p class=\"has-drop-cap\">W <a><\/a>dniu 27 czerwca br. w Zespole Szk\u00f3\u0142 Ponadpodstawowych im. Jana Kochanowskiego w W\u0119growie odby\u0142a si\u0119 uroczysto\u015b\u0107 zako\u0144czenia roku szkolnego 2024\/2025.<\/p>\n\n\n\n<p>W uroczysto\u015bci udzia\u0142 wzi\u0119li uczniowie, nauczyciele, rodzice, a tak\u017ce zaproszeni go\u015bcie.<\/p>\n\n\n\n<p>Uroczysto\u015b\u0107 poprowadzi\u0142 pan Wicedyrektor Leszek Redosz.<\/p>\n\n\n\n<p>Dyrektor szko\u0142y, pani Joanna Go\u0142\u0119biewska-Kokoszka przywita\u0142a zaproszonych go\u015bci, grono pedagogiczne, spo\u0142eczno\u015b\u0107 uczniowsk\u0105 i obecnych na uroczysto\u015bci rodzic\u00f3w. Zwracaj\u0105c si\u0119 do zebranych pogratulowa\u0142a uczniom i nauczycielom sukces\u00f3w, \u017cyczy\u0142a wszystkim obecnym zas\u0142u\u017conego i bezpiecznego odpoczynku.<\/p>\n\n\n\n<p>W trakcie uroczysto\u015bci mieli\u015bmy okazj\u0119 us\u0142ysze\u0107 podzi\u0119kowania i gratulacje od Naczelnika Wydzia\u0142u O\u015bwiaty, Kultury, Sportu i Turystyki Starostwa Powiatowego w W\u0119growie \u2013 Pani Sylwii Rybak. Pani Naczelnik wr\u0119czy\u0142a nagrody Starosty W\u0119growskiego oraz listy gratulacyjne dla najlepszych uczni\u00f3w. Gratulacje uczniom i kadrze pedagogicznej z\u0142o\u017cy\u0142 Pan Jerzy Kosiorek &#8211; Dyrektor Rejonu Energetycznego PGE S.A. w Wyszkowie, kt\u00f3ry przekaza\u0142 nagrody dla najlepszych uczni\u00f3w kszta\u0142c\u0105cych si\u0119 w zawodzie technik elektryk. Do \u017cycze\u0144 dla uczni\u00f3w i absolwent\u00f3w do\u0142\u0105czy\u0142 si\u0119 Kapitan Andrzej W\u0105sowski &#8211; reprezentuj\u0105cy 5 Mazowieck\u0105 Brygad\u0119 Obrony Terytorialnej. W\u015br\u00f3d zaproszonych go\u015bci by\u0142 r\u00f3wnie\u017c Kapral Adrian Czy\u017c reprezentuj\u0105cy Wojskowe Centrum Rekrutacji w Mi\u0144sku Mazowieckim.<\/p>\n\n\n\n<p>W trakcie uroczysto\u015bci wr\u0119czono wyr\u00f3\u017cnienia, nagrody za wyniki w nauce oraz podzi\u0119kowania za prac\u0119 na rzecz spo\u0142eczno\u015bci szkolnej i szko\u0142y. Zgromadzeni mieli okazj\u0119 wys\u0142ucha\u0107 cz\u0119\u015bci artystycznej przygotowanej przez m\u0142odzie\u017c naszej szko\u0142y.<\/p>\n\n\n\n<p>Udanych wakacji! Niech ten czas b\u0119dzie dla Was okazj\u0105 do odpoczynku, zabawy i na\u0142adowania baterii. Cieszcie si\u0119 z ka\u017cdego s\u0142onecznego dnia i z ka\u017cdej prze\u017cytej przygody.<\/p>\n\n\n\n<p>Fot.: Amelia Fatyga, Martyna \u0141ukasiak<\/p>\n\n\n\nngg_shortcode_0_placeholder\n","protected":false},"excerpt":{"rendered":"<p>W dniu 27 czerwca br. w Zespole Szk\u00f3\u0142 Ponadpodstawowych im. Jana Kochanowskiego w W\u0119growie odby\u0142a si\u0119 uroczysto\u015b\u0107 zako\u0144czenia roku szkolnego 2024\/2025. W uroczysto\u015bci udzia\u0142 wzi\u0119li uczniowie, nauczyciele, rodzice, a tak\u017ce zaproszeni go\u015bcie. Uroczysto\u015b\u0107 poprowadzi\u0142 pan<\/p>\n","protected":false},"author":1,"featured_media":18323,"comment_status":"closed","ping_status":"closed","sticky":false,"template":"","format":"standard","meta":{"ngg_post_thumbnail":0,"_themeisle_gutenberg_block_has_review":false,"jetpack_post_was_ever_published":false,"_jetpack_newsletter_access":"","_jetpack_dont_email_post_to_subs":false,"_jetpack_newsletter_tier_id":0,"_jetpack_memberships_contains_paywalled_content":false,"_jetpack_memberships_contains_paid_content":false,"footnotes":"","jetpack_publicize_message":"","jetpack_publicize_feature_enabled":true,"jetpack_social_post_already_shared":true,"jetpack_social_options":{"image_generator_settings":{"template":"highway","default_image_id":0,"font":"","enabled":false},"version":2}},"categories":[38],"tags":[],"class_list":["post-18283","post","type-post","status-publish","format-standard","has-post-thumbnail","hentry","category-uroczystosci"],"jetpack_publicize_connections":[],"jetpack_featured_media_url":"https:\/\/i0.wp.com\/zsp.wegrow.pl\/wp-content\/uploads\/2025\/06\/03wyr-1.jpg?fit=850%2C676&ssl=1","jetpack_sharing_enabled":true,"jetpack_shortlink":"https:\/\/wp.me\/paT2nI-4KT","_links":{"self":[{"href":"https:\/\/zsp.wegrow.pl\/index.php\/wp-json\/wp\/v2\/posts\/18283","targetHints":{"allow":["GET"]}}],"collection":[{"href":"https:\/\/zsp.wegrow.pl\/index.php\/wp-json\/wp\/v2\/posts"}],"about":[{"href":"https:\/\/zsp.wegrow.pl\/index.php\/wp-json\/wp\/v2\/types\/post"}],"author":[{"embeddable":true,"href":"https:\/\/zsp.wegrow.pl\/index.php\/wp-json\/wp\/v2\/users\/1"}],"replies":[{"embeddable":true,"href":"https:\/\/zsp.wegrow.pl\/index.php\/wp-json\/wp\/v2\/comments?post=18283"}],"version-history":[{"count":1,"href":"https:\/\/zsp.wegrow.pl\/index.php\/wp-json\/wp\/v2\/posts\/18283\/revisions"}],"predecessor-version":[{"id":18324,"href":"https:\/\/zsp.wegrow.pl\/index.php\/wp-json\/wp\/v2\/posts\/18283\/revisions\/18324"}],"wp:featuredmedia":[{"embeddable":true,"href":"https:\/\/zsp.wegrow.pl\/index.php\/wp-json\/wp\/v2\/media\/18323"}],"wp:attachment":[{"href":"https:\/\/zsp.wegrow.pl\/index.php\/wp-json\/wp\/v2\/media?parent=18283"}],"wp:term":[{"taxonomy":"category","embeddable":true,"href":"https:\/\/zsp.wegrow.pl\/index.php\/wp-json\/wp\/v2\/categories?post=18283"},{"taxonomy":"post_tag","embeddable":true,"href":"https:\/\/zsp.wegrow.pl\/index.php\/wp-json\/wp\/v2\/tags?post=18283"}],"curies":[{"name":"wp","href":"https:\/\/api.w.org\/{rel}","templated":true}]}}