{"id":18345,"date":"2025-08-05T18:55:07","date_gmt":"2025-08-05T16:55:07","guid":{"rendered":"https:\/\/zsp.wegrow.pl\/?p=18345"},"modified":"2025-09-01T11:47:00","modified_gmt":"2025-09-01T09:47:00","slug":"81-rocznica-wybuchu-powstania-warszawskiego","status":"publish","type":"post","link":"https:\/\/zsp.wegrow.pl\/index.php\/2025\/08\/05\/81-rocznica-wybuchu-powstania-warszawskiego\/","title":{"rendered":"81 Rocznica wybuchu Powstania Warszawskiego"},"content":{"rendered":"\n<p>W 81. Rocznic\u0119 wybuchu Powstania Warszawskiego uczniowie Zespo\u0142u Szk\u00f3\u0142 Ponadpodstawowych im. Jana Kochanowskiego uczestniczyli, jak co roku, w Apelu Pami\u0119ci <a><\/a>zorganizowanym przez pana Tomasza Star\u0119g\u0119. W uroczysto\u015bci wzi\u0119li udzia\u0142 uczniowie klas 2 low i 3 lom wraz z Wychowawcami &#8211; pani\u0105 Magdalen\u0105 Ceglarsk\u0105-Kowal i pani\u0105 Monik\u0105 Krasnod\u0119bsk\u0105.<\/p>\n\n\n\n<p>W asy\u015bcie pocztu sztandarowego Szko\u0142y wyst\u0105pili uczniowie klasy 3ek i 1 low, natomiast w poczcie Armii Krajowej, kt\u00f3rym opiekuje si\u0119 nasza szko\u0142a wyst\u0105pili uczniowie klasy 3 Lom. Opiek\u0119 nad sztandarami pe\u0142ni\u0142a pani Katarzyna Grenada. W uroczysto\u015bci uczestniczy\u0142 tak\u017ce wicedyrektor szko\u0142y pan Leszek Radosz. Dzi\u0119kujemy uczniom oraz nauczycielom za obecno\u015b\u0107 i godne upami\u0119tnienie m\u0142odych powsta\u0144c\u00f3w poleg\u0142ych w obronie Ojczyzny.<\/p>\n\n\n\n<p>Fot.: Leszek Redosz<\/p>\n\n\n\nngg_shortcode_0_placeholder\n","protected":false},"excerpt":{"rendered":"<p>W 81. Rocznic\u0119 wybuchu Powstania Warszawskiego uczniowie Zespo\u0142u Szk\u00f3\u0142 Ponadpodstawowych im. Jana Kochanowskiego uczestniczyli, jak co roku, w Apelu Pami\u0119ci zorganizowanym przez pana Tomasza Star\u0119g\u0119. W uroczysto\u015bci wzi\u0119li udzia\u0142 uczniowie klas 2 low i 3<\/p>\n","protected":false},"author":1,"featured_media":18363,"comment_status":"closed","ping_status":"closed","sticky":false,"template":"","format":"standard","meta":{"ngg_post_thumbnail":0,"_themeisle_gutenberg_block_has_review":false,"jetpack_post_was_ever_published":false,"_jetpack_newsletter_access":"","_jetpack_dont_email_post_to_subs":false,"_jetpack_newsletter_tier_id":0,"_jetpack_memberships_contains_paywalled_content":false,"_jetpack_memberships_contains_paid_content":false,"footnotes":"","jetpack_publicize_message":"","jetpack_publicize_feature_enabled":true,"jetpack_social_post_already_shared":true,"jetpack_social_options":{"image_generator_settings":{"template":"highway","default_image_id":0,"font":"","enabled":false},"version":2}},"categories":[53],"tags":[],"class_list":["post-18345","post","type-post","status-publish","format-standard","has-post-thumbnail","hentry","category-rocznice"],"jetpack_publicize_connections":[],"jetpack_featured_media_url":"https:\/\/i0.wp.com\/zsp.wegrow.pl\/wp-content\/uploads\/2025\/08\/03wyr.jpg?fit=850%2C440&ssl=1","jetpack_sharing_enabled":true,"jetpack_shortlink":"https:\/\/wp.me\/paT2nI-4LT","_links":{"self":[{"href":"https:\/\/zsp.wegrow.pl\/index.php\/wp-json\/wp\/v2\/posts\/18345","targetHints":{"allow":["GET"]}}],"collection":[{"href":"https:\/\/zsp.wegrow.pl\/index.php\/wp-json\/wp\/v2\/posts"}],"about":[{"href":"https:\/\/zsp.wegrow.pl\/index.php\/wp-json\/wp\/v2\/types\/post"}],"author":[{"embeddable":true,"href":"https:\/\/zsp.wegrow.pl\/index.php\/wp-json\/wp\/v2\/users\/1"}],"replies":[{"embeddable":true,"href":"https:\/\/zsp.wegrow.pl\/index.php\/wp-json\/wp\/v2\/comments?post=18345"}],"version-history":[{"count":1,"href":"https:\/\/zsp.wegrow.pl\/index.php\/wp-json\/wp\/v2\/posts\/18345\/revisions"}],"predecessor-version":[{"id":18364,"href":"https:\/\/zsp.wegrow.pl\/index.php\/wp-json\/wp\/v2\/posts\/18345\/revisions\/18364"}],"wp:featuredmedia":[{"embeddable":true,"href":"https:\/\/zsp.wegrow.pl\/index.php\/wp-json\/wp\/v2\/media\/18363"}],"wp:attachment":[{"href":"https:\/\/zsp.wegrow.pl\/index.php\/wp-json\/wp\/v2\/media?parent=18345"}],"wp:term":[{"taxonomy":"category","embeddable":true,"href":"https:\/\/zsp.wegrow.pl\/index.php\/wp-json\/wp\/v2\/categories?post=18345"},{"taxonomy":"post_tag","embeddable":true,"href":"https:\/\/zsp.wegrow.pl\/index.php\/wp-json\/wp\/v2\/tags?post=18345"}],"curies":[{"name":"wp","href":"https:\/\/api.w.org\/{rel}","templated":true}]}}