{"id":18998,"date":"2025-11-12T08:31:43","date_gmt":"2025-11-12T07:31:43","guid":{"rendered":"https:\/\/zsp.wegrow.pl\/?p=18998"},"modified":"2025-11-12T08:31:43","modified_gmt":"2025-11-12T07:31:43","slug":"107-rocznica-odzyskania-niepodleglosci-2","status":"publish","type":"post","link":"https:\/\/zsp.wegrow.pl\/index.php\/2025\/11\/12\/107-rocznica-odzyskania-niepodleglosci-2\/","title":{"rendered":"107 Rocznica Odzyskania Niepodleg\u0142o\u015bci"},"content":{"rendered":"\n<p>11 listopada 2025 roku odby\u0142y si\u0119 uroczysto\u015bci zorganizowanie przez Samorz\u0105d Miasta W\u0119growa z okazji kolejnej Rocznicy Odzyskania przez Polsk\u0119 Niepodleg\u0142o\u015bci.<\/p>\n\n\n\n<p>W wydarzeniu uczestniczy\u0142y dwa Poczty Sztandarowe z Naszej Szko\u0142y.<\/p>\n\n\n\n<p>Poczet Sztandarowy AK w sk\u0142adzie &#8211; Ryczkowska Maja, Turek Olga, Gajowniczek Maciej (wszyscy z klasy 3 LOw).<\/p>\n\n\n\n<p>Poczet Sztandarowy Szko\u0142y w sk\u0142adzie &#8211; Kuch Wiktoria 3 LOw, Jasi\u0144ska Julia 3 LOw, Bartosz Sawicki 4 ae.<\/p>\n\n\n\n<p>Opiek\u0119 nad Uczniami pe\u0142ni\u0142a Pani Katarzyna Grenda.<\/p>\n\n\n\n<p>W uroczysto\u015bci uczestniczy\u0142a Pani Dyrektor Joanna Go\u0142\u0119biewska-Kokoszka i Pan Wicedyrektor Leszek Redosz.<\/p>\n\n\n\n<p><a href=\"https:\/\/www.facebook.com\/hashtag\/%C5%9Bwi%C4%99toniepodleg%C5%82o%C5%9Bci?__eep__=6&amp;__cft__[0]=AZUIDgADPn6uPhgy4hntrd_ArVcz16ERQ09iKdLEQXw9u-z8JaQmsk4IPCd8sojqQz-FvDsnJIuuYadqhgszp2eZpBREuBU_LHDf9ojT1LXzdydpQVGL4-qvCxnlcyvA_jGu7xYXF6PDSLhpEXNWD1T3if7mIViQ8-sE7sOUOAmO6VE8nJnSB0arFvmEEXwNb1pvPR58VTo3QIREd-kw-ReY\">#\u015awi\u0119toNiepodleg\u0142o\u015bci<\/a><\/p>\n\n\n\nngg_shortcode_0_placeholder\n","protected":false},"excerpt":{"rendered":"<p>11 listopada 2025 roku odby\u0142y si\u0119 uroczysto\u015bci zorganizowanie przez Samorz\u0105d Miasta W\u0119growa z okazji kolejnej Rocznicy Odzyskania przez Polsk\u0119 Niepodleg\u0142o\u015bci. W wydarzeniu uczestniczy\u0142y dwa Poczty Sztandarowe z Naszej Szko\u0142y. Poczet Sztandarowy AK w sk\u0142adzie &#8211;<\/p>\n","protected":false},"author":1,"featured_media":19014,"comment_status":"closed","ping_status":"closed","sticky":false,"template":"","format":"standard","meta":{"ngg_post_thumbnail":0,"_themeisle_gutenberg_block_has_review":false,"jetpack_post_was_ever_published":false,"_jetpack_newsletter_access":"","_jetpack_dont_email_post_to_subs":false,"_jetpack_newsletter_tier_id":0,"_jetpack_memberships_contains_paywalled_content":false,"_jetpack_memberships_contains_paid_content":false,"footnotes":"","jetpack_publicize_message":"","jetpack_publicize_feature_enabled":true,"jetpack_social_post_already_shared":true,"jetpack_social_options":{"image_generator_settings":{"template":"highway","default_image_id":0,"font":"","enabled":false},"version":2}},"categories":[49,53],"tags":[],"class_list":["post-18998","post","type-post","status-publish","format-standard","has-post-thumbnail","hentry","category-aktualnosci","category-rocznice"],"jetpack_publicize_connections":[],"jetpack_featured_media_url":"https:\/\/i0.wp.com\/zsp.wegrow.pl\/wp-content\/uploads\/2025\/11\/swieto-niepodleglosci.jpg?fit=840%2C478&ssl=1","jetpack_sharing_enabled":true,"jetpack_shortlink":"https:\/\/wp.me\/paT2nI-4Wq","_links":{"self":[{"href":"https:\/\/zsp.wegrow.pl\/index.php\/wp-json\/wp\/v2\/posts\/18998","targetHints":{"allow":["GET"]}}],"collection":[{"href":"https:\/\/zsp.wegrow.pl\/index.php\/wp-json\/wp\/v2\/posts"}],"about":[{"href":"https:\/\/zsp.wegrow.pl\/index.php\/wp-json\/wp\/v2\/types\/post"}],"author":[{"embeddable":true,"href":"https:\/\/zsp.wegrow.pl\/index.php\/wp-json\/wp\/v2\/users\/1"}],"replies":[{"embeddable":true,"href":"https:\/\/zsp.wegrow.pl\/index.php\/wp-json\/wp\/v2\/comments?post=18998"}],"version-history":[{"count":1,"href":"https:\/\/zsp.wegrow.pl\/index.php\/wp-json\/wp\/v2\/posts\/18998\/revisions"}],"predecessor-version":[{"id":19015,"href":"https:\/\/zsp.wegrow.pl\/index.php\/wp-json\/wp\/v2\/posts\/18998\/revisions\/19015"}],"wp:featuredmedia":[{"embeddable":true,"href":"https:\/\/zsp.wegrow.pl\/index.php\/wp-json\/wp\/v2\/media\/19014"}],"wp:attachment":[{"href":"https:\/\/zsp.wegrow.pl\/index.php\/wp-json\/wp\/v2\/media?parent=18998"}],"wp:term":[{"taxonomy":"category","embeddable":true,"href":"https:\/\/zsp.wegrow.pl\/index.php\/wp-json\/wp\/v2\/categories?post=18998"},{"taxonomy":"post_tag","embeddable":true,"href":"https:\/\/zsp.wegrow.pl\/index.php\/wp-json\/wp\/v2\/tags?post=18998"}],"curies":[{"name":"wp","href":"https:\/\/api.w.org\/{rel}","templated":true}]}}