{"id":19312,"date":"2026-01-19T21:08:01","date_gmt":"2026-01-19T20:08:01","guid":{"rendered":"https:\/\/zsp.wegrow.pl\/?p=19312"},"modified":"2026-01-19T21:08:01","modified_gmt":"2026-01-19T20:08:01","slug":"xiv-koncert-koled-i-pastoralek-w-bazylice-mniejszej","status":"publish","type":"post","link":"https:\/\/zsp.wegrow.pl\/index.php\/2026\/01\/19\/xiv-koncert-koled-i-pastoralek-w-bazylice-mniejszej\/","title":{"rendered":"XIV Koncert Kol\u0119d i Pastora\u0142ek w Bazylice Mniejszej"},"content":{"rendered":"\n<p>18 stycznia 2026 r. w pi\u0119knej W\u0119growskiej Bazylice Mniejszej w W\u0119growie odby\u0142 si\u0119 XIV Koncert Kol\u0119d i Pastora\u0142ek w <a><\/a>wykonaniu zespo\u0142u muzycznego z Zespo\u0142u Szk\u00f3\u0142 Ponadpodstawowych im. Jana Kochanowskiego w W\u0119growie.<\/p>\n\n\n\n<p>Wydarzenie rozpocz\u0105\u0142 Ksi\u0105dz Pra\u0142at Leszek Gardzi\u0144ski, kt\u00f3ry jako Gospodarz Bazyliki powita\u0142 wszystkich zebranych podkre\u015blaj\u0105c, \u017ce dzie\u0142o zapocz\u0105tkowane przez \u015aP. Pana Dyrektora Janusza Bauma jest kontynuowane przez obecn\u0105 Pani\u0105 Dyrektor Joann\u0119 Go\u0142\u0119biewsk\u0105-Kokoszka i \u017cyczy\u0142 radosnego kol\u0119dowania. Nast\u0119pnie Pan Wicedyrektor Leszek Redosz podzi\u0119kowa\u0142 Ksi\u0119dzu Pra\u0142atowi za mo\u017cliwo\u015b\u0107 zorganizowanie kolejnego koncertu kol\u0119d i zaprosi\u0142 wszystkich do wsp\u00f3lnego kol\u0119dowania z zespo\u0142em wokalnym naszej szko\u0142y. W czasie koncertu zosta\u0142o zaprezentowanych 11 utwor\u00f3w, kt\u00f3re by\u0142y przeplatane komentarzem czytanym przez prowadz\u0105cych koncert Wiktori\u0119 Dymek z 4LOm i Dawida Skibi\u0144skiego z kl. 5i. Koncert zako\u0144czy\u0142a pastora\u0142ka \u201eOd serca do ucha\u201d wraz z \u017cyczeniami p\u0142yn\u0105cymi z serca<img decoding=\"async\" height=\"16\" width=\"16\" alt=\"&#x2764;&#xfe0f;\" src=\"https:\/\/static.xx.fbcdn.net\/images\/emoji.php\/v9\/t6c\/1\/16\/2764.png\"> do wszystkich przyby\u0142ych na koncert.<\/p>\n\n\n\n<p>A pi\u0119kny \u015bpiew kol\u0119d i pastora\u0142ek zapewnili nasi wspaniali Uczniowie:<\/p>\n\n\n\n<p><img decoding=\"async\" height=\"16\" width=\"16\" alt=\"&#x1f3a4;\" src=\"https:\/\/static.xx.fbcdn.net\/images\/emoji.php\/v9\/t7e\/1\/16\/1f3a4.png\">Kinga Malinowska;<\/p>\n\n\n\n<p><img decoding=\"async\" height=\"16\" width=\"16\" alt=\"&#x1f3a4;\" src=\"https:\/\/static.xx.fbcdn.net\/images\/emoji.php\/v9\/t7e\/1\/16\/1f3a4.png\">Natalia Pikulska;<\/p>\n\n\n\n<p><img decoding=\"async\" height=\"16\" width=\"16\" alt=\"&#x1f3a4;\" src=\"https:\/\/static.xx.fbcdn.net\/images\/emoji.php\/v9\/t7e\/1\/16\/1f3a4.png\">Klaudia Bu\u015bko;<\/p>\n\n\n\n<p><img decoding=\"async\" height=\"16\" width=\"16\" alt=\"&#x1f3a4;\" src=\"https:\/\/static.xx.fbcdn.net\/images\/emoji.php\/v9\/t7e\/1\/16\/1f3a4.png\">Justyna Suchocka;<\/p>\n\n\n\n<p><img decoding=\"async\" height=\"16\" width=\"16\" alt=\"&#x1f3a4;\" src=\"https:\/\/static.xx.fbcdn.net\/images\/emoji.php\/v9\/t7e\/1\/16\/1f3a4.png\">Patryk Niszcz;<\/p>\n\n\n\n<p><img decoding=\"async\" height=\"16\" width=\"16\" alt=\"&#x1f3a4;\" src=\"https:\/\/static.xx.fbcdn.net\/images\/emoji.php\/v9\/t7e\/1\/16\/1f3a4.png\">Katarzyna Dziewulska;<\/p>\n\n\n\n<p><img decoding=\"async\" height=\"16\" width=\"16\" alt=\"&#x1f3a4;\" src=\"https:\/\/static.xx.fbcdn.net\/images\/emoji.php\/v9\/t7e\/1\/16\/1f3a4.png\">Julia Jasi\u0144ska.<\/p>\n\n\n\n<p>Do koncertu m\u0142odzie\u017c przygotowa\u0142a Pani Anita Bardadyn, kt\u00f3ra wsp\u00f3lnie z nimi \u015bpiewa\u0142a. Nag\u0142o\u015bnienie wydarzenia zapewni\u0142 Pan Marian Pacz\u00f3ski.<\/p>\n\n\n\n<p>Na zako\u0144czenie koncertu g\u0142os zabra\u0142a Pani Starosta Ewa Besztak, kt\u00f3ra stale towarzyszy naszemu zespo\u0142owi podczas koncertu w Bazylice. Pani Starosta podzi\u0119kowa\u0142a za zorganizowanie wydarzenie i pogratulowa\u0142a wykonawcom pi\u0119knego \u015bpiewu.<\/p>\n\n\n\n<p>Dzi\u0119kujemy za obecno\u015b\u0107 na koncercie oraz wszystkim, kt\u00f3rzy przyczynili si\u0119 do tego by odby\u0142 si\u0119 XIV Koncert Kol\u0119d i Pastora\u0142ek, kt\u00f3ry przez wsp\u00f3lne kol\u0119dowanie wpisuje si\u0119 w wielowiekow\u0105 tradycj\u0119 \u015bwi\u0105t Bo\u017cego Narodzenia.<\/p>\n\n\n\n<p>Fot.: Agnieszka Szczepa\u0144ska , Leszek Pawe\u0142 Redosz<\/p>\n\n\n\nngg_shortcode_0_placeholder\n","protected":false},"excerpt":{"rendered":"<p>18 stycznia 2026 r. w pi\u0119knej W\u0119growskiej Bazylice Mniejszej w W\u0119growie odby\u0142 si\u0119 XIV Koncert Kol\u0119d i Pastora\u0142ek w wykonaniu zespo\u0142u muzycznego z Zespo\u0142u Szk\u00f3\u0142 Ponadpodstawowych im. Jana Kochanowskiego w W\u0119growie. Wydarzenie rozpocz\u0105\u0142 Ksi\u0105dz Pra\u0142at<\/p>\n","protected":false},"author":1,"featured_media":19262,"comment_status":"closed","ping_status":"closed","sticky":false,"template":"","format":"standard","meta":{"ngg_post_thumbnail":0,"_themeisle_gutenberg_block_has_review":false,"jetpack_post_was_ever_published":false,"_jetpack_newsletter_access":"","_jetpack_dont_email_post_to_subs":false,"_jetpack_newsletter_tier_id":0,"_jetpack_memberships_contains_paywalled_content":false,"_jetpack_memberships_contains_paid_content":false,"footnotes":"","jetpack_publicize_message":"","jetpack_publicize_feature_enabled":true,"jetpack_social_post_already_shared":true,"jetpack_social_options":{"image_generator_settings":{"template":"highway","default_image_id":0,"font":"","enabled":false},"version":2}},"categories":[49,65],"tags":[],"class_list":["post-19312","post","type-post","status-publish","format-standard","has-post-thumbnail","hentry","category-aktualnosci","category-wydarzenia-artystyczne"],"jetpack_publicize_connections":[],"jetpack_featured_media_url":"https:\/\/i0.wp.com\/zsp.wegrow.pl\/wp-content\/uploads\/2026\/01\/koncert-koled-wyr.jpg?fit=677%2C184&ssl=1","jetpack_sharing_enabled":true,"jetpack_shortlink":"https:\/\/wp.me\/paT2nI-51u","_links":{"self":[{"href":"https:\/\/zsp.wegrow.pl\/index.php\/wp-json\/wp\/v2\/posts\/19312","targetHints":{"allow":["GET"]}}],"collection":[{"href":"https:\/\/zsp.wegrow.pl\/index.php\/wp-json\/wp\/v2\/posts"}],"about":[{"href":"https:\/\/zsp.wegrow.pl\/index.php\/wp-json\/wp\/v2\/types\/post"}],"author":[{"embeddable":true,"href":"https:\/\/zsp.wegrow.pl\/index.php\/wp-json\/wp\/v2\/users\/1"}],"replies":[{"embeddable":true,"href":"https:\/\/zsp.wegrow.pl\/index.php\/wp-json\/wp\/v2\/comments?post=19312"}],"version-history":[{"count":1,"href":"https:\/\/zsp.wegrow.pl\/index.php\/wp-json\/wp\/v2\/posts\/19312\/revisions"}],"predecessor-version":[{"id":19325,"href":"https:\/\/zsp.wegrow.pl\/index.php\/wp-json\/wp\/v2\/posts\/19312\/revisions\/19325"}],"wp:featuredmedia":[{"embeddable":true,"href":"https:\/\/zsp.wegrow.pl\/index.php\/wp-json\/wp\/v2\/media\/19262"}],"wp:attachment":[{"href":"https:\/\/zsp.wegrow.pl\/index.php\/wp-json\/wp\/v2\/media?parent=19312"}],"wp:term":[{"taxonomy":"category","embeddable":true,"href":"https:\/\/zsp.wegrow.pl\/index.php\/wp-json\/wp\/v2\/categories?post=19312"},{"taxonomy":"post_tag","embeddable":true,"href":"https:\/\/zsp.wegrow.pl\/index.php\/wp-json\/wp\/v2\/tags?post=19312"}],"curies":[{"name":"wp","href":"https:\/\/api.w.org\/{rel}","templated":true}]}}