{"id":19334,"date":"2026-02-01T18:00:31","date_gmt":"2026-02-01T17:00:31","guid":{"rendered":"https:\/\/zsp.wegrow.pl\/?p=19334"},"modified":"2026-02-01T18:00:31","modified_gmt":"2026-02-01T17:00:31","slug":"163-rocznica-bitwy-pod-wegrowem","status":"publish","type":"post","link":"https:\/\/zsp.wegrow.pl\/index.php\/2026\/02\/01\/163-rocznica-bitwy-pod-wegrowem\/","title":{"rendered":"163 Rocznica Bitwy pod W\u0119growem"},"content":{"rendered":"\n<p><img decoding=\"async\" height=\"16\" width=\"16\" src=\"https:\/\/static.xx.fbcdn.net\/images\/emoji.php\/v9\/te0\/1\/16\/1f1f5_1f1f1.png\" alt=\"&#x1f1f5;&#x1f1f1;\"> 1 lutego 2026 r. odby\u0142y si\u0119 uroczysto\u015bci 163. rocznicy Bitwy pod W\u0119growem.<\/p>\n\n\n\n<p>W wydarzeniu udzia\u0142 wzi\u0119li tak\u017ce Uczniowie naszej Szko\u0142y.<\/p>\n\n\n\n<p>Poczet Sztandarowy Szko\u0142y: Julia Jasi\u0144ska (3LOw), Wiktoria Kuch (3LOw) i Bartosz Sawicki (4ae).<\/p>\n\n\n\n<p>Grupa Rekonstrukcyjna i Poczet Powsta\u0144czy w sk\u0142adzie: Maciej Gajowniczek, Karol Raty\u0144ski i Piotr P\u0142atek (wszyscy z kl. 3LOw).<\/p>\n\n\n\n<p>Uczni\u00f3w do uroczysto\u015bci przygotowa\u0142a Pani Katarzyna Grenda.<\/p>\n\n\n\n<p>W uroczysto\u015bci wzi\u0119\u0142a udzia\u0142 Pani Dyrektor Joanna Go\u0142\u0119biewska-Kokoszka i Pan Wicedyrektor Leszek Redosz.<\/p>\n\n\n\n<p>Dzi\u0119kujemy m\u0142odzie\u017cy za godn\u0105 postaw\u0119 w dzisiejszych uroczysto\u015bciach mimo niesprzyjaj\u0105cych warunk\u00f3w pogodowych.<\/p>\n\n\n\n<p>Fot.: Starostwo <a href=\"https:\/\/www.facebook.com\/powiatwegrow\">Powiat W\u0119growski<\/a> i Leszek Redosz.<\/p>\n\n\n\nngg_shortcode_0_placeholder\n","protected":false},"excerpt":{"rendered":"<p>1 lutego 2026 r. odby\u0142y si\u0119 uroczysto\u015bci 163. rocznicy Bitwy pod W\u0119growem. W wydarzeniu udzia\u0142 wzi\u0119li tak\u017ce Uczniowie naszej Szko\u0142y. Poczet Sztandarowy Szko\u0142y: Julia Jasi\u0144ska (3LOw), Wiktoria Kuch (3LOw) i Bartosz Sawicki (4ae). Grupa Rekonstrukcyjna<\/p>\n","protected":false},"author":1,"featured_media":19354,"comment_status":"closed","ping_status":"closed","sticky":false,"template":"","format":"standard","meta":{"ngg_post_thumbnail":0,"_themeisle_gutenberg_block_has_review":false,"jetpack_post_was_ever_published":false,"_jetpack_newsletter_access":"","_jetpack_dont_email_post_to_subs":false,"_jetpack_newsletter_tier_id":0,"_jetpack_memberships_contains_paywalled_content":false,"_jetpack_memberships_contains_paid_content":false,"footnotes":"","jetpack_publicize_message":"","jetpack_publicize_feature_enabled":true,"jetpack_social_post_already_shared":true,"jetpack_social_options":{"image_generator_settings":{"template":"highway","default_image_id":0,"font":"","enabled":false},"version":2}},"categories":[49,53,38],"tags":[],"class_list":["post-19334","post","type-post","status-publish","format-standard","has-post-thumbnail","hentry","category-aktualnosci","category-rocznice","category-uroczystosci"],"jetpack_publicize_connections":[],"jetpack_featured_media_url":"https:\/\/i0.wp.com\/zsp.wegrow.pl\/wp-content\/uploads\/2026\/02\/01wyr.jpg?fit=850%2C674&ssl=1","jetpack_sharing_enabled":true,"jetpack_shortlink":"https:\/\/wp.me\/paT2nI-51Q","_links":{"self":[{"href":"https:\/\/zsp.wegrow.pl\/index.php\/wp-json\/wp\/v2\/posts\/19334","targetHints":{"allow":["GET"]}}],"collection":[{"href":"https:\/\/zsp.wegrow.pl\/index.php\/wp-json\/wp\/v2\/posts"}],"about":[{"href":"https:\/\/zsp.wegrow.pl\/index.php\/wp-json\/wp\/v2\/types\/post"}],"author":[{"embeddable":true,"href":"https:\/\/zsp.wegrow.pl\/index.php\/wp-json\/wp\/v2\/users\/1"}],"replies":[{"embeddable":true,"href":"https:\/\/zsp.wegrow.pl\/index.php\/wp-json\/wp\/v2\/comments?post=19334"}],"version-history":[{"count":1,"href":"https:\/\/zsp.wegrow.pl\/index.php\/wp-json\/wp\/v2\/posts\/19334\/revisions"}],"predecessor-version":[{"id":19355,"href":"https:\/\/zsp.wegrow.pl\/index.php\/wp-json\/wp\/v2\/posts\/19334\/revisions\/19355"}],"wp:featuredmedia":[{"embeddable":true,"href":"https:\/\/zsp.wegrow.pl\/index.php\/wp-json\/wp\/v2\/media\/19354"}],"wp:attachment":[{"href":"https:\/\/zsp.wegrow.pl\/index.php\/wp-json\/wp\/v2\/media?parent=19334"}],"wp:term":[{"taxonomy":"category","embeddable":true,"href":"https:\/\/zsp.wegrow.pl\/index.php\/wp-json\/wp\/v2\/categories?post=19334"},{"taxonomy":"post_tag","embeddable":true,"href":"https:\/\/zsp.wegrow.pl\/index.php\/wp-json\/wp\/v2\/tags?post=19334"}],"curies":[{"name":"wp","href":"https:\/\/api.w.org\/{rel}","templated":true}]}}