{"id":19442,"date":"2026-02-24T09:07:41","date_gmt":"2026-02-24T08:07:41","guid":{"rendered":"https:\/\/zsp.wegrow.pl\/?p=19442"},"modified":"2026-02-24T09:07:50","modified_gmt":"2026-02-24T08:07:50","slug":"konkurs-reymontowskie-oczarowania-podsumowany","status":"publish","type":"post","link":"https:\/\/zsp.wegrow.pl\/index.php\/2026\/02\/24\/konkurs-reymontowskie-oczarowania-podsumowany\/","title":{"rendered":"Konkurs Reymontowskie Oczarowania podsumowany"},"content":{"rendered":"\n<p class=\"has-drop-cap\">W grudniu 2025 r., w zwi\u0105zku z setn\u0105 rocznic\u0105 \u015bmierci W. St. Reymonta, w naszej szkole og\u0142oszono konkurs na prac\u0119 plastyczn\u0105 zwi\u0105zan\u0105 tematycznie z \u017cyciem i tw\u00f3rczo\u015bci\u0105 autora Ch\u0142op\u00f3w.<\/p>\n\n\n\n<p>Celem konkursu by\u0142o przede wszystkim upami\u0119tnienie pisarza i zainteresowanie jego literackim dorobkiem, bo autor to znakomity. S\u0105 w utworach Reymonta wspania\u0142e polskie krajobrazy, s\u0105 opisy obrz\u0119d\u00f3w i zwyczaj\u00f3w, w kt\u00f3rych bije serce ojczyzny, jest \u017cywy j\u0119zyk, w kt\u00f3rym pobrzmiewaj\u0105 echa gwar, jest zauroczenie ludow\u0105 muzyk\u0105 i polsk\u0105 poezj\u0105.<\/p>\n\n\n\n<p>Rozstrzygni\u0119cie konkursu nast\u0105pi\u0142o 23.02.2026r. Pan Leszek Redosz &#8211; wicedyrektor szko\u0142y &#8211; wr\u0119czy\u0142 nagrody zwyci\u0119\u017cczyniom (tak si\u0119 z\u0142o\u017cy\u0142o, \u017ce w szranki stan\u0119\u0142y tylko dziewczyny).<\/p>\n\n\n\n<p>Autorki nagrodzonych obraz\u00f3w: Aleksandra O\u0142owska i Maja Witowska przedstawi\u0142y w swoich pracach to, co najwa\u017cniejsze u Reymonta: rodzimy pejza\u017c, typowe elementy wiejskiego \u015bwiata: chaty, \u017curawie studzienne, wiatraki, ule, itp. Nasyci\u0142y prace emocjami i stworzy\u0142y niezapomniane pami\u0105tki reymontowskie. Oczarowa\u0142y jury talentem i wra\u017cliwo\u015bci\u0105.<\/p>\n\n\n\n<p>Z kolei wyr\u00f3\u017cniona praca Pauliny Kocon to rzetelny przegl\u0105d fakt\u00f3w z \u017cycia artysty, zbieraj\u0105cy w jednym plakacie warte zapami\u0119tania informacje.<\/p>\n\n\n\n<p>Warto nadmieni\u0107, \u017ce inicjatork\u0105 konkursu by\u0142a pani Emilia Marchela przy wsp\u00f3\u0142pracy pp. Magdaleny Ceglarskiej- Kowal, Edyty Kozie\u0142, Moniki Mik\u0142asiewicz i El\u017cbiety Topoli\u0144skiej.<\/p>\n\n\n\n<p>Fot.: Aleksandra Bodzon<\/p>\n\n\n\nngg_shortcode_0_placeholder\n","protected":false},"excerpt":{"rendered":"<p>W grudniu 2025 r., w zwi\u0105zku z setn\u0105 rocznic\u0105 \u015bmierci W. St. Reymonta, w naszej szkole og\u0142oszono konkurs na prac\u0119 plastyczn\u0105 zwi\u0105zan\u0105 tematycznie z \u017cyciem i tw\u00f3rczo\u015bci\u0105 autora Ch\u0142op\u00f3w. Celem konkursu by\u0142o przede wszystkim upami\u0119tnienie<\/p>\n","protected":false},"author":1,"featured_media":19457,"comment_status":"closed","ping_status":"closed","sticky":false,"template":"","format":"standard","meta":{"ngg_post_thumbnail":0,"_themeisle_gutenberg_block_has_review":false,"jetpack_post_was_ever_published":false,"_jetpack_newsletter_access":"","_jetpack_dont_email_post_to_subs":false,"_jetpack_newsletter_tier_id":0,"_jetpack_memberships_contains_paywalled_content":false,"_jetpack_memberships_contains_paid_content":false,"footnotes":"","jetpack_publicize_message":"","jetpack_publicize_feature_enabled":true,"jetpack_social_post_already_shared":true,"jetpack_social_options":{"image_generator_settings":{"template":"highway","default_image_id":0,"font":"","enabled":false},"version":2}},"categories":[49,26],"tags":[],"class_list":["post-19442","post","type-post","status-publish","format-standard","has-post-thumbnail","hentry","category-aktualnosci","category-konkursy"],"jetpack_publicize_connections":[],"jetpack_featured_media_url":"https:\/\/i0.wp.com\/zsp.wegrow.pl\/wp-content\/uploads\/2026\/02\/05wyr.jpg?fit=850%2C483&ssl=1","jetpack_sharing_enabled":true,"jetpack_shortlink":"https:\/\/wp.me\/paT2nI-53A","_links":{"self":[{"href":"https:\/\/zsp.wegrow.pl\/index.php\/wp-json\/wp\/v2\/posts\/19442","targetHints":{"allow":["GET"]}}],"collection":[{"href":"https:\/\/zsp.wegrow.pl\/index.php\/wp-json\/wp\/v2\/posts"}],"about":[{"href":"https:\/\/zsp.wegrow.pl\/index.php\/wp-json\/wp\/v2\/types\/post"}],"author":[{"embeddable":true,"href":"https:\/\/zsp.wegrow.pl\/index.php\/wp-json\/wp\/v2\/users\/1"}],"replies":[{"embeddable":true,"href":"https:\/\/zsp.wegrow.pl\/index.php\/wp-json\/wp\/v2\/comments?post=19442"}],"version-history":[{"count":2,"href":"https:\/\/zsp.wegrow.pl\/index.php\/wp-json\/wp\/v2\/posts\/19442\/revisions"}],"predecessor-version":[{"id":19459,"href":"https:\/\/zsp.wegrow.pl\/index.php\/wp-json\/wp\/v2\/posts\/19442\/revisions\/19459"}],"wp:featuredmedia":[{"embeddable":true,"href":"https:\/\/zsp.wegrow.pl\/index.php\/wp-json\/wp\/v2\/media\/19457"}],"wp:attachment":[{"href":"https:\/\/zsp.wegrow.pl\/index.php\/wp-json\/wp\/v2\/media?parent=19442"}],"wp:term":[{"taxonomy":"category","embeddable":true,"href":"https:\/\/zsp.wegrow.pl\/index.php\/wp-json\/wp\/v2\/categories?post=19442"},{"taxonomy":"post_tag","embeddable":true,"href":"https:\/\/zsp.wegrow.pl\/index.php\/wp-json\/wp\/v2\/tags?post=19442"}],"curies":[{"name":"wp","href":"https:\/\/api.w.org\/{rel}","templated":true}]}}