{"id":19525,"date":"2026-02-25T08:21:28","date_gmt":"2026-02-25T07:21:28","guid":{"rendered":"https:\/\/zsp.wegrow.pl\/?p=19525"},"modified":"2026-03-05T08:26:44","modified_gmt":"2026-03-05T07:26:44","slug":"powiatowa-gala-stypendystow","status":"publish","type":"post","link":"https:\/\/zsp.wegrow.pl\/index.php\/2026\/02\/25\/powiatowa-gala-stypendystow\/","title":{"rendered":"Powiatowa Gala Stypendyst\u00f3w"},"content":{"rendered":"\n<p>24.02.2026 roku w Zespole Szk\u00f3\u0142 Ponadpodstawowych w \u0141ochowie odby\u0142a si\u0119 Powiatowa Gala Stypendyst\u00f3w. Na zaproszenie Pani Starosty Ewy Besztak do \u0141ochowa przyby\u0142o 90 Uczni\u00f3w szk\u00f3\u0142 z <a href=\"https:\/\/www.facebook.com\/powiatwegrow?__cft__[0]=AZb0p6bnWfC1JZnJEETiLSMwA-fMe4ZBUCEGfM1SfnRCeXhXubOtHRrhug-Pqhx4_89qMW8PrLme06n2kPR5zszrRfUhxqQU1A2y67-6QEcXUD2vtg4shDm930iVDmTWhMX87wUTZdEmJKpbZJagXSvWnEn-6JcsOBmO4wRNaZMOC8KM_Wu9ok-DYelMsjKluaHa4yRMJZOt_z014HKdRkKT&amp;__tn__=-]K-R\">Powiat W\u0119growski<\/a>, kt\u00f3rzy otrzymali stypendia za wybitne wyniki w nauce w I p\u00f3\u0142roczu roku szkolnego 2025\/2026.<\/p>\n\n\n\n<p>Z naszej Szko\u0142y stypendia otrzymali:<\/p>\n\n\n\n<p><img decoding=\"async\" height=\"16\" width=\"16\" alt=\"&#x1f3f5;&#xfe0f;\" src=\"https:\/\/static.xx.fbcdn.net\/images\/emoji.php\/v9\/tb9\/2\/16\/1f3f5.png\">G\u00f3rska Oliwia (3LOo II LO sp);<\/p>\n\n\n\n<p><img decoding=\"async\" height=\"16\" width=\"16\" alt=\"&#x1f3f5;&#xfe0f;\" src=\"https:\/\/static.xx.fbcdn.net\/images\/emoji.php\/v9\/tb9\/2\/16\/1f3f5.png\">Krynicka Julia (4ek T sp);<\/p>\n\n\n\n<p><img decoding=\"async\" height=\"16\" width=\"16\" alt=\"&#x1f3f5;&#xfe0f;\" src=\"https:\/\/static.xx.fbcdn.net\/images\/emoji.php\/v9\/tb9\/2\/16\/1f3f5.png\">Polkowska Wiktoria (4i T sp);<\/p>\n\n\n\n<p><img decoding=\"async\" height=\"16\" width=\"16\" alt=\"&#x1f3f5;&#xfe0f;\" src=\"https:\/\/static.xx.fbcdn.net\/images\/emoji.php\/v9\/tb9\/2\/16\/1f3f5.png\">Py\u017alak Patrycja (4ek T sp);<\/p>\n\n\n\n<p><img decoding=\"async\" height=\"16\" width=\"16\" alt=\"&#x1f3f5;&#xfe0f;\" src=\"https:\/\/static.xx.fbcdn.net\/images\/emoji.php\/v9\/tb9\/2\/16\/1f3f5.png\">Sitnicka Monika (2hek T sp);<\/p>\n\n\n\n<p><img decoding=\"async\" height=\"16\" width=\"16\" alt=\"&#x1f3f5;&#xfe0f;\" src=\"https:\/\/static.xx.fbcdn.net\/images\/emoji.php\/v9\/tb9\/2\/16\/1f3f5.png\">Pogorzelski Jan (4i T sp).<\/p>\n\n\n\n<p>W czasie Gali \u017cyczenia i gratulacje Uczniom z\u0142o\u017cy\u0142a Pani Starosta Ewa Besztak i Wiceprzewodnicz\u0105ca Rady Powiatu Brygida G\u00f3rniaczyk.<\/p>\n\n\n\n<p>W wydarzeniu Uczniom naszej Szko\u0142y towarzyszy\u0142a Pani Dyrektor Joanna Go\u0142\u0119biewska-Kokoszka i Pan Wicedyrektor Leszek Redosz.<\/p>\n\n\n\n<p>Uczniom i ich Rodzicom (Opiekunom) serdecznie gratulujemy.<\/p>\n\n\n\nngg_shortcode_0_placeholder\n","protected":false},"excerpt":{"rendered":"<p>24.02.2026 roku w Zespole Szk\u00f3\u0142 Ponadpodstawowych w \u0141ochowie odby\u0142a si\u0119 Powiatowa Gala Stypendyst\u00f3w. Na zaproszenie Pani Starosty Ewy Besztak do \u0141ochowa przyby\u0142o 90 Uczni\u00f3w szk\u00f3\u0142 z Powiat W\u0119growski, kt\u00f3rzy otrzymali stypendia za wybitne wyniki w<\/p>\n","protected":false},"author":1,"featured_media":19541,"comment_status":"closed","ping_status":"closed","sticky":false,"template":"","format":"standard","meta":{"ngg_post_thumbnail":0,"_themeisle_gutenberg_block_has_review":false,"jetpack_post_was_ever_published":false,"_jetpack_newsletter_access":"","_jetpack_dont_email_post_to_subs":false,"_jetpack_newsletter_tier_id":0,"_jetpack_memberships_contains_paywalled_content":false,"_jetpack_memberships_contains_paid_content":false,"footnotes":"","jetpack_publicize_message":"","jetpack_publicize_feature_enabled":true,"jetpack_social_post_already_shared":true,"jetpack_social_options":{"image_generator_settings":{"template":"highway","default_image_id":0,"font":"","enabled":false},"version":2}},"categories":[49,58],"tags":[],"class_list":["post-19525","post","type-post","status-publish","format-standard","has-post-thumbnail","hentry","category-aktualnosci","category-stypendia"],"jetpack_publicize_connections":[],"jetpack_featured_media_url":"https:\/\/i0.wp.com\/zsp.wegrow.pl\/wp-content\/uploads\/2026\/03\/01wyr.jpg?fit=841%2C452&ssl=1","jetpack_sharing_enabled":true,"jetpack_shortlink":"https:\/\/wp.me\/paT2nI-54V","_links":{"self":[{"href":"https:\/\/zsp.wegrow.pl\/index.php\/wp-json\/wp\/v2\/posts\/19525","targetHints":{"allow":["GET"]}}],"collection":[{"href":"https:\/\/zsp.wegrow.pl\/index.php\/wp-json\/wp\/v2\/posts"}],"about":[{"href":"https:\/\/zsp.wegrow.pl\/index.php\/wp-json\/wp\/v2\/types\/post"}],"author":[{"embeddable":true,"href":"https:\/\/zsp.wegrow.pl\/index.php\/wp-json\/wp\/v2\/users\/1"}],"replies":[{"embeddable":true,"href":"https:\/\/zsp.wegrow.pl\/index.php\/wp-json\/wp\/v2\/comments?post=19525"}],"version-history":[{"count":1,"href":"https:\/\/zsp.wegrow.pl\/index.php\/wp-json\/wp\/v2\/posts\/19525\/revisions"}],"predecessor-version":[{"id":19542,"href":"https:\/\/zsp.wegrow.pl\/index.php\/wp-json\/wp\/v2\/posts\/19525\/revisions\/19542"}],"wp:featuredmedia":[{"embeddable":true,"href":"https:\/\/zsp.wegrow.pl\/index.php\/wp-json\/wp\/v2\/media\/19541"}],"wp:attachment":[{"href":"https:\/\/zsp.wegrow.pl\/index.php\/wp-json\/wp\/v2\/media?parent=19525"}],"wp:term":[{"taxonomy":"category","embeddable":true,"href":"https:\/\/zsp.wegrow.pl\/index.php\/wp-json\/wp\/v2\/categories?post=19525"},{"taxonomy":"post_tag","embeddable":true,"href":"https:\/\/zsp.wegrow.pl\/index.php\/wp-json\/wp\/v2\/tags?post=19525"}],"curies":[{"name":"wp","href":"https:\/\/api.w.org\/{rel}","templated":true}]}}